{"id":101313,"date":"2026-04-28T15:56:29","date_gmt":"2026-04-28T19:56:29","guid":{"rendered":"https:\/\/www.cfnews.com.br\/portal\/?p=101313"},"modified":"2026-04-28T15:56:29","modified_gmt":"2026-04-28T19:56:29","slug":"agro-ampliou-peso-na-economia-e-manteve-crescimento-em-2025","status":"publish","type":"post","link":"https:\/\/www.cfnews.com.br\/portal\/2026\/04\/28\/agro-ampliou-peso-na-economia-e-manteve-crescimento-em-2025\/","title":{"rendered":"Agro ampliou peso na economia e manteve crescimento em 2025"},"content":{"rendered":"<div id=\"tps_slideContainer_293434\" class=\"theiaPostSlider_slides\">\n<div class=\"theiaPostSlider_preloadedSlide\">\n<p data-start=\"446\" data-end=\"849\">O agroneg\u00f3cio brasileiro encerrou 2025 com crescimento de 12,2% no Produto Interno Bruto (PIB), atingindo R$ 3,2 trilh\u00f5es e ampliando sua fatia na economia nacional para 25,13%. O resultado, por\u00e9m, carrega um sinal de alerta: a expans\u00e3o foi sustentada, em grande parte, pela valoriza\u00e7\u00e3o de pre\u00e7os ao longo do per\u00edodo, um movimento que perdeu for\u00e7a no segundo semestre e j\u00e1 impacta o ritmo da atividade.<\/p>\n<p data-start=\"851\" data-end=\"1261\">Os dados s\u00e3o do\u00a0<span class=\"hover:entity-accent entity-underline inline cursor-pointer align-baseline\"><span class=\"whitespace-normal\">Centro de Estudos Avan\u00e7ados em Economia Aplicada<\/span><\/span>\u00a0(Cepea), da Escola Superior de Agricultura Luiz de Queiroz da Universidade de S\u00e3o Paulo (Esalq\/USP), em parceria com a\u00a0<span class=\"hover:entity-accent entity-underline inline cursor-pointer align-baseline\"><span class=\"whitespace-normal\">Confedera\u00e7\u00e3o da Agricultura e Pecu\u00e1ria do Brasil<\/span><\/span>\u00a0(CNA). Com a consolida\u00e7\u00e3o do quarto trimestre, o desempenho final ficou abaixo das proje\u00e7\u00f5es mais otimistas feitas ao longo do ano, refletindo a acomoda\u00e7\u00e3o dos pre\u00e7os reais, principal motor da alta.<\/p>\n<p data-start=\"1263\" data-end=\"1735\">O segmento prim\u00e1rio liderou a expans\u00e3o, com avan\u00e7o de 17,06%, impulsionado por maior produ\u00e7\u00e3o agr\u00edcola, sobretudo de milho e caf\u00e9, e por um ambiente de pre\u00e7os ainda elevados na pecu\u00e1ria. J\u00e1 os agrosservi\u00e7os cresceram 13,76%, acompanhando o volume movimentado dentro da porteira. O elo de insumos teve alta mais moderada, de 5,37%, com desempenho puxado por fertilizantes, defensivos e m\u00e1quinas, enquanto a base pecu\u00e1ria foi penalizada pela retra\u00e7\u00e3o na ind\u00fastria de ra\u00e7\u00f5es.<\/p>\n<p data-start=\"1737\" data-end=\"2100\">Na agroind\u00fastria, o cen\u00e1rio foi mais fragmentado. As atividades ligadas \u00e0 agricultura recuaram 3,33%, pressionadas pela queda dos pre\u00e7os industriais, enquanto a cadeia pecu\u00e1ria avan\u00e7ou 36,54%, refletindo a valoriza\u00e7\u00e3o das prote\u00ednas e o aumento da produ\u00e7\u00e3o. O dado refor\u00e7a uma assimetria crescente dentro do setor, com desempenho mais favor\u00e1vel \u00e0 pecu\u00e1ria em 2025.<\/p>\n<div>\n<div class=\"centered-text-area\">\n<div class=\"centered-text\">\n<div class=\"u8bba9cc9a4446c1530325e751cae51e2-content\"><span class=\"ctaText\">Leia Tamb\u00e9m:<\/span>\u00a0\u00a0<span class=\"postTitle\">Agroneg\u00f3cio inicia o ano com mais quatro novos mercados na \u00c1sia<\/span><\/div>\n<\/div>\n<\/div>\n<div class=\"ctaButton\"><\/div>\n<\/div>\n<p data-start=\"2102\" data-end=\"2492\">O recorte do \u00faltimo trimestre mostra a mudan\u00e7a de dire\u00e7\u00e3o. Entre julho e dezembro, o PIB do agro entrou em trajet\u00f3ria de desacelera\u00e7\u00e3o e fechou o quarto trimestre com queda de 1,11% frente ao per\u00edodo anterior, com retra\u00e7\u00e3o em todos os segmentos. O movimento confirma a perda de tra\u00e7\u00e3o iniciada ainda no terceiro trimestre, \u00e0 medida que o ciclo de alta de pre\u00e7os iniciado em 2024 se esgotou.<\/p>\n<p data-start=\"2494\" data-end=\"2886\" data-is-last-node=\"\" data-is-only-node=\"\"><img loading=\"lazy\" decoding=\"async\" class=\" wp-image-293435 alignleft\" src=\"https:\/\/pensaragro.com.br\/wp-content\/uploads\/2026\/04\/isan5-1.jpg\" sizes=\"auto, (max-width: 270px) 100vw, 270px\" srcset=\"https:\/\/pensaragro.com.br\/wp-content\/uploads\/2026\/04\/isan5-1.jpg 493w, https:\/\/pensaragro.com.br\/wp-content\/uploads\/2026\/04\/isan5-1-188x300.jpg 188w\" alt=\"\" width=\"270\" height=\"431\" \/>Na pr\u00e1tica, o resultado de 2025 combina dois vetores distintos: ganho real de produ\u00e7\u00e3o e efeito inflacion\u00e1rio favor\u00e1vel. A leitura para 2026, portanto, passa menos pelo volume colhido e mais pela capacidade de sustenta\u00e7\u00e3o de margens em um ambiente de pre\u00e7os menos pressionados, um ponto sens\u00edvel em um setor que depende cada vez mais de custo, cr\u00e9dito e efici\u00eancia para manter o crescimento.<\/p>\n<p data-start=\"0\" data-end=\"484\">Para o presidente do Instituto do Agroneg\u00f3cio IA), Isan Rezende (foto), os n\u00fameros confirmam algo que o produtor j\u00e1 percebe na pr\u00e1tica: o agroneg\u00f3cio segue como um dos principais vetores de gera\u00e7\u00e3o de riqueza do pa\u00eds.<\/p>\n<p data-start=\"0\" data-end=\"484\">\u201cQuando o setor cresce mais de dois d\u00edgitos e amplia participa\u00e7\u00e3o no PIB, n\u00e3o \u00e9 apenas um resultado estat\u00edstico, \u00e9 reflexo direto de produtividade, tecnologia e gest\u00e3o dentro da porteira. Isso mostra que, mesmo em um ambiente de custos elevados, o campo continua entregando resultado e sustentando parte relevante da economia brasileira\u201d, lembra Isan.<\/p>\n<div>\n<div class=\"centered-text-area\">\n<div class=\"centered-text\">\n<div class=\"ud726910a5cdb1c2063727384d4e05f3b-content\"><span class=\"ctaText\">Leia Tamb\u00e9m:<\/span>\u00a0\u00a0<span class=\"postTitle\">Regra que cruza desmatamento e cr\u00e9dito gera nova disputa no STF e acende alerta no agro<\/span><\/div>\n<\/div>\n<\/div>\n<div class=\"ctaButton\"><\/div>\n<\/div>\n<p data-start=\"486\" data-end=\"956\">\u201cAgora, \u00e9 importante fazer uma leitura mais completa desse avan\u00e7o. Uma parcela significativa desse crescimento veio da sustenta\u00e7\u00e3o de pre\u00e7os ao longo do per\u00edodo, o que n\u00e3o necessariamente se traduz em melhora de margem para o produtor. O custo de produ\u00e7\u00e3o segue pressionado, o cr\u00e9dito ficou mais caro e o risco aumentou. Ou seja, o PIB cresce, mas isso n\u00e3o significa automaticamente mais rentabilidade no caixa de quem produz. Esse descompasso precisa entrar no debate\u201d, destacou o presidente do IA.<\/p>\n<p data-start=\"958\" data-end=\"1431\" data-is-last-node=\"\" data-is-only-node=\"\">\u201cOutro ponto que chama aten\u00e7\u00e3o \u00e9 a desacelera\u00e7\u00e3o no fim do ano. Isso indica que o ciclo mais favor\u00e1vel de pre\u00e7os come\u00e7a a perder for\u00e7a e exige um n\u00edvel ainda maior de efici\u00eancia do setor. O agro brasileiro j\u00e1 mostrou capacidade de crescer, agora o desafio \u00e9 sustentar esse desempenho com base em produtividade, gest\u00e3o de risco e acesso a financiamento adequado. Sem isso, o crescimento pode at\u00e9 aparecer nos n\u00fameros, mas fica mais dif\u00edcil de se traduzir em renda no campo\u201d, completou Rezende.<\/p>\n<\/div>\n<\/div>\n<div class=\"theiaPostSlider_footer _footer\"><\/div>\n<div><\/div>\n<div><\/div>\n<div><a href=\"https:\/\/pensaragro.com.br\/agro-amplia-peso-na-economia-e-mantem-crescimento-em-2025\/\">Pensar Agro<\/a><\/div>\n","protected":false},"excerpt":{"rendered":"<p>O agroneg\u00f3cio brasileiro encerrou 2025 com crescimento de 12,2% no Produto Interno Bruto (PIB), atingindo &hellip;<\/p>\n","protected":false},"author":4,"featured_media":101314,"comment_status":"closed","ping_status":"open","sticky":false,"template":"","format":"standard","meta":{"footnotes":""},"categories":[48],"tags":[],"class_list":["post-101313","post","type-post","status-publish","format-standard","has-post-thumbnail","hentry","category-agro_cfnews"],"wps_subtitle":"","_links":{"self":[{"href":"https:\/\/www.cfnews.com.br\/portal\/wp-json\/wp\/v2\/posts\/101313","targetHints":{"allow":["GET"]}}],"collection":[{"href":"https:\/\/www.cfnews.com.br\/portal\/wp-json\/wp\/v2\/posts"}],"about":[{"href":"https:\/\/www.cfnews.com.br\/portal\/wp-json\/wp\/v2\/types\/post"}],"author":[{"embeddable":true,"href":"https:\/\/www.cfnews.com.br\/portal\/wp-json\/wp\/v2\/users\/4"}],"replies":[{"embeddable":true,"href":"https:\/\/www.cfnews.com.br\/portal\/wp-json\/wp\/v2\/comments?post=101313"}],"version-history":[{"count":1,"href":"https:\/\/www.cfnews.com.br\/portal\/wp-json\/wp\/v2\/posts\/101313\/revisions"}],"predecessor-version":[{"id":101315,"href":"https:\/\/www.cfnews.com.br\/portal\/wp-json\/wp\/v2\/posts\/101313\/revisions\/101315"}],"wp:featuredmedia":[{"embeddable":true,"href":"https:\/\/www.cfnews.com.br\/portal\/wp-json\/wp\/v2\/media\/101314"}],"wp:attachment":[{"href":"https:\/\/www.cfnews.com.br\/portal\/wp-json\/wp\/v2\/media?parent=101313"}],"wp:term":[{"taxonomy":"category","embeddable":true,"href":"https:\/\/www.cfnews.com.br\/portal\/wp-json\/wp\/v2\/categories?post=101313"},{"taxonomy":"post_tag","embeddable":true,"href":"https:\/\/www.cfnews.com.br\/portal\/wp-json\/wp\/v2\/tags?post=101313"}],"curies":[{"name":"wp","href":"https:\/\/api.w.org\/{rel}","templated":true}]}}