{"id":101316,"date":"2026-04-28T15:57:09","date_gmt":"2026-04-28T19:57:09","guid":{"rendered":"https:\/\/www.cfnews.com.br\/portal\/?p=101316"},"modified":"2026-04-28T15:57:09","modified_gmt":"2026-04-28T19:57:09","slug":"cafe-e-inovacao-no-campo-impulsionam-renda-e-producao-no-norte","status":"publish","type":"post","link":"https:\/\/www.cfnews.com.br\/portal\/2026\/04\/28\/cafe-e-inovacao-no-campo-impulsionam-renda-e-producao-no-norte\/","title":{"rendered":"Caf\u00e9 e inova\u00e7\u00e3o no campo impulsionam renda e produ\u00e7\u00e3o no Norte"},"content":{"rendered":"<p data-start=\"248\" data-end=\"944\">A combina\u00e7\u00e3o entre projetos agr\u00edcolas em escala e solu\u00e7\u00f5es t\u00e9cnicas desenvolvidas no pr\u00f3prio campo come\u00e7a a alterar a base econ\u00f4mica de munic\u00edpios da Amaz\u00f4nia Legal, historicamente dependentes de atividades extrativistas e de repasses p\u00fablicos.<\/p>\n<p data-start=\"248\" data-end=\"944\">Em regi\u00f5es com baixo dinamismo, a entrada de cadeias produtivas organizadas tem gerado efeitos que v\u00e3o al\u00e9m da porteira, com impacto direto sobre emprego, renda e circula\u00e7\u00e3o de servi\u00e7os. Levantamento do Tesouro Nacional mostra que mais de 70% dos munic\u00edpios brasileiros dependem de transfer\u00eancias federais, propor\u00e7\u00e3o ainda maior na regi\u00e3o Norte, o que amplia o efeito de qualquer atividade produtiva estruturada.<\/p>\n<p data-start=\"946\" data-end=\"1934\">Um dos vetores dessa mudan\u00e7a \u00e9 a expans\u00e3o da cafeicultura. Projetos em andamento na Amaz\u00f4nia indicam salto relevante de renda por hectare: enquanto atividades tradicionais geram entre R$ 20 mil e R$ 60 mil anuais, o caf\u00e9 pode superar R$ 90 mil por hectare, alterando o padr\u00e3o de subsist\u00eancia para gera\u00e7\u00e3o efetiva de caixa. Al\u00e9m disso, trata-se de uma cultura intensiva em m\u00e3o de obra, com maior demanda por trabalhadores em etapas como colheita e p\u00f3s-colheita, o que amplia a gera\u00e7\u00e3o de empregos locais.<\/p>\n<div>\n<div class=\"centered-text-area\">\n<div class=\"centered-text\">\n<div class=\"ub6b1bfde4806474bfb258ece8c73e78e-content\"><span class=\"ctaText\">Leia Tamb\u00e9m:<\/span>\u00a0\u00a0<span class=\"postTitle\">Minas bate recorde na moagem de cana, informa a Siamig<\/span><\/div>\n<\/div>\n<\/div>\n<div class=\"ctaButton\"><\/div>\n<\/div>\n<p data-start=\"946\" data-end=\"1934\">No Brasil, a cadeia do caf\u00e9 j\u00e1 responde por mais de 8 milh\u00f5es de postos de trabalho, refor\u00e7ando seu papel como vetor de renda no campo. Em paralelo, o efeito multiplicador amplia esse impacto: dados da\u00a0<span class=\"hover:entity-accent entity-underline inline cursor-pointer align-baseline\"><span class=\"whitespace-normal\">Confedera\u00e7\u00e3o da Agricultura e Pecu\u00e1ria do Brasil<\/span><\/span>\u00a0(CNA) indicam que cada R$ 1 gerado no campo pode movimentar at\u00e9 R$ 3,20 ao longo da cadeia, entre transporte, com\u00e9rcio e servi\u00e7os.<\/p>\n<p data-start=\"1936\" data-end=\"2776\">Na outra ponta, solu\u00e7\u00f5es de baixo custo desenvolvidas dentro da pr\u00f3pria rotina produtiva tamb\u00e9m t\u00eam contribu\u00eddo para elevar efici\u00eancia. Na apicultura do Amap\u00e1, um manejo simples baseado em limpeza, controle manual de pragas e ajuste do ambiente produtivo tem reduzido perdas causadas pelo parasit\u00f3ide\u00a0<em data-start=\"2237\" data-end=\"2254\">Plega hagenella<\/em>, que compromete colmeias de abelhas sem ferr\u00e3o.<\/p>\n<p data-start=\"1936\" data-end=\"2776\">A pr\u00e1tica, disseminada por t\u00e9cnicos do Servi\u00e7o Nacional de Aprendizagem Rural (Senar), dentro da Assist\u00eancia T\u00e9cnica e Gerencial (ATeG), permitiu interromper perdas de enxames e aumentar a produtividade em poucas semanas, sem necessidade de investimento adicional relevante. O caso ilustra um ponto central para o avan\u00e7o do agro na regi\u00e3o: n\u00e3o \u00e9 apenas escala que transforma a renda, mas a combina\u00e7\u00e3o entre tecnologia acess\u00edvel, assist\u00eancia t\u00e9cnica e organiza\u00e7\u00e3o produtiva.<\/p>\n<div>\n<div class=\"centered-text-area\">\n<div class=\"centered-text\">\n<div class=\"u328bf16f8f6994d11bfbd40c9f0c9e72-content\"><span class=\"ctaText\">Leia Tamb\u00e9m:<\/span>\u00a0\u00a0<span class=\"postTitle\">Senai lan\u00e7a ter\u00e7a-feira o programa de inova\u00e7\u00e3o \u00e0 agroind\u00fastria em Cuiab\u00e1<\/span><\/div>\n<\/div>\n<\/div>\n<div class=\"ctaButton\"><\/div>\n<\/div>\n<p data-start=\"2778\" data-end=\"3240\">No conjunto, esses movimentos indicam uma mudan\u00e7a estrutural em curso. A Amaz\u00f4nia, tradicionalmente vista como fronteira extrativa, passa a incorporar modelos produtivos baseados em gera\u00e7\u00e3o de valor, com maior intensidade de trabalho, renda e integra\u00e7\u00e3o de cadeias. O desafio agora \u00e9 escalar esse processo sem perder efici\u00eancia econ\u00f4mica e equil\u00edbrio ambiental \u2014 uma equa\u00e7\u00e3o que, na pr\u00e1tica, vai determinar a sustentabilidade real desses projetos no m\u00e9dio prazo.<\/p>\n<p data-start=\"2778\" data-end=\"3240\">\n<p data-start=\"2778\" data-end=\"3240\">\n<p data-start=\"2778\" data-end=\"3240\"><a href=\"https:\/\/pensaragro.com.br\/cafe-e-inovacao-no-campo-impulsionam-renda-e-producao-no-norte\/\">Pensar Agro<\/a><\/p>\n","protected":false},"excerpt":{"rendered":"<p>A combina\u00e7\u00e3o entre projetos agr\u00edcolas em escala e solu\u00e7\u00f5es t\u00e9cnicas desenvolvidas no pr\u00f3prio campo come\u00e7a &hellip;<\/p>\n","protected":false},"author":4,"featured_media":101317,"comment_status":"closed","ping_status":"open","sticky":false,"template":"","format":"standard","meta":{"footnotes":""},"categories":[188],"tags":[],"class_list":["post-101316","post","type-post","status-publish","format-standard","has-post-thumbnail","hentry","category-economia"],"wps_subtitle":"","_links":{"self":[{"href":"https:\/\/www.cfnews.com.br\/portal\/wp-json\/wp\/v2\/posts\/101316","targetHints":{"allow":["GET"]}}],"collection":[{"href":"https:\/\/www.cfnews.com.br\/portal\/wp-json\/wp\/v2\/posts"}],"about":[{"href":"https:\/\/www.cfnews.com.br\/portal\/wp-json\/wp\/v2\/types\/post"}],"author":[{"embeddable":true,"href":"https:\/\/www.cfnews.com.br\/portal\/wp-json\/wp\/v2\/users\/4"}],"replies":[{"embeddable":true,"href":"https:\/\/www.cfnews.com.br\/portal\/wp-json\/wp\/v2\/comments?post=101316"}],"version-history":[{"count":1,"href":"https:\/\/www.cfnews.com.br\/portal\/wp-json\/wp\/v2\/posts\/101316\/revisions"}],"predecessor-version":[{"id":101318,"href":"https:\/\/www.cfnews.com.br\/portal\/wp-json\/wp\/v2\/posts\/101316\/revisions\/101318"}],"wp:featuredmedia":[{"embeddable":true,"href":"https:\/\/www.cfnews.com.br\/portal\/wp-json\/wp\/v2\/media\/101317"}],"wp:attachment":[{"href":"https:\/\/www.cfnews.com.br\/portal\/wp-json\/wp\/v2\/media?parent=101316"}],"wp:term":[{"taxonomy":"category","embeddable":true,"href":"https:\/\/www.cfnews.com.br\/portal\/wp-json\/wp\/v2\/categories?post=101316"},{"taxonomy":"post_tag","embeddable":true,"href":"https:\/\/www.cfnews.com.br\/portal\/wp-json\/wp\/v2\/tags?post=101316"}],"curies":[{"name":"wp","href":"https:\/\/api.w.org\/{rel}","templated":true}]}}