{"id":101319,"date":"2026-04-28T16:00:39","date_gmt":"2026-04-28T20:00:39","guid":{"rendered":"https:\/\/www.cfnews.com.br\/portal\/?p=101319"},"modified":"2026-04-28T16:03:37","modified_gmt":"2026-04-28T20:03:37","slug":"101319","status":"publish","type":"post","link":"https:\/\/www.cfnews.com.br\/portal\/2026\/04\/28\/101319\/","title":{"rendered":"Associa\u00e7\u00e3o dos Diplomados da Escola Superior de Guerra"},"content":{"rendered":"<p>Prezados Adesguianos, familiares e amigos da ADESG,<\/p>\n<p>\u00c9 com grande satisfa\u00e7\u00e3o que convidamos todos para uma noite de reflex\u00e3o, aprendizado e fortalecimento dos valores da lideran\u00e7a consciente e estrat\u00e9gica.<\/p>\n<p>No pr\u00f3ximo dia 07 de maio de 2026, \u00e0s 19h30, na 13\u00aa Brigada de Infantaria Motorizada, teremos a honra de receber a palestrante Luciana Brand\u00e3o, autora da obra \u201cO Poder de N\u00e3o Ter Opini\u00e3o\u201d, especialista em lideran\u00e7a e comunica\u00e7\u00e3o institucional.<\/p>\n<p>Em um tempo marcado por excessos de informa\u00e7\u00e3o e posicionamentos precipitados, a capacidade de liderar com equil\u00edbrio, intelig\u00eancia emocional e inten\u00e7\u00e3o torna-se um diferencial indispens\u00e1vel. Ser\u00e1 uma excelente oportunidade para troca de conhecimentos, networking e fortalecimento dos ideais que unem os integrantes e amigos da ADESG.<\/p>\n<p>Contamos com sua presen\u00e7a neste importante encontro.<\/p>\n<p>Fraternalmente,<\/p>\n<p>Gustavo Henrique Manuel<br \/>\nDelegado Regional da ADESG<br \/>\nAssocia\u00e7\u00e3o dos Diplomados da Escola Superior de Guerra \u2013 MT<\/p>\n<p><a href=\"https:\/\/www.sympla.com.br\/evento\/gestao-com-intencao\/3404091\">https:\/\/www.sympla.com.br\/evento\/gestao-com-intencao\/3404091<\/a><\/p>\n<p>&nbsp;<\/p>\n<p>&nbsp;<\/p>\n","protected":false},"excerpt":{"rendered":"<p>Prezados Adesguianos, familiares e amigos da ADESG, \u00c9 com grande satisfa\u00e7\u00e3o que convidamos todos para &hellip;<\/p>\n","protected":false},"author":4,"featured_media":101320,"comment_status":"closed","ping_status":"open","sticky":false,"template":"","format":"standard","meta":{"footnotes":""},"categories":[176],"tags":[],"class_list":["post-101319","post","type-post","status-publish","format-standard","has-post-thumbnail","hentry","category-geral"],"wps_subtitle":"Delegacia Regional de Mato Grosso","_links":{"self":[{"href":"https:\/\/www.cfnews.com.br\/portal\/wp-json\/wp\/v2\/posts\/101319","targetHints":{"allow":["GET"]}}],"collection":[{"href":"https:\/\/www.cfnews.com.br\/portal\/wp-json\/wp\/v2\/posts"}],"about":[{"href":"https:\/\/www.cfnews.com.br\/portal\/wp-json\/wp\/v2\/types\/post"}],"author":[{"embeddable":true,"href":"https:\/\/www.cfnews.com.br\/portal\/wp-json\/wp\/v2\/users\/4"}],"replies":[{"embeddable":true,"href":"https:\/\/www.cfnews.com.br\/portal\/wp-json\/wp\/v2\/comments?post=101319"}],"version-history":[{"count":3,"href":"https:\/\/www.cfnews.com.br\/portal\/wp-json\/wp\/v2\/posts\/101319\/revisions"}],"predecessor-version":[{"id":101324,"href":"https:\/\/www.cfnews.com.br\/portal\/wp-json\/wp\/v2\/posts\/101319\/revisions\/101324"}],"wp:featuredmedia":[{"embeddable":true,"href":"https:\/\/www.cfnews.com.br\/portal\/wp-json\/wp\/v2\/media\/101320"}],"wp:attachment":[{"href":"https:\/\/www.cfnews.com.br\/portal\/wp-json\/wp\/v2\/media?parent=101319"}],"wp:term":[{"taxonomy":"category","embeddable":true,"href":"https:\/\/www.cfnews.com.br\/portal\/wp-json\/wp\/v2\/categories?post=101319"},{"taxonomy":"post_tag","embeddable":true,"href":"https:\/\/www.cfnews.com.br\/portal\/wp-json\/wp\/v2\/tags?post=101319"}],"curies":[{"name":"wp","href":"https:\/\/api.w.org\/{rel}","templated":true}]}}