{"id":101353,"date":"2026-04-29T10:40:46","date_gmt":"2026-04-29T14:40:46","guid":{"rendered":"https:\/\/www.cfnews.com.br\/portal\/?p=101353"},"modified":"2026-04-29T10:40:46","modified_gmt":"2026-04-29T14:40:46","slug":"agro-responde-por-mais-de-65-das-exportacoes-do-estado","status":"publish","type":"post","link":"https:\/\/www.cfnews.com.br\/portal\/2026\/04\/29\/agro-responde-por-mais-de-65-das-exportacoes-do-estado\/","title":{"rendered":"Agro responde por mais de 65% das exporta\u00e7\u00f5es do estado"},"content":{"rendered":"<p data-start=\"136\" data-end=\"512\">O agroneg\u00f3cio de Santa Catarina fechou 2025 com crescimento consistente, sustentado pela combina\u00e7\u00e3o de maior produ\u00e7\u00e3o e pre\u00e7os mais firmes ao longo do ano. O Valor da Produ\u00e7\u00e3o Agropecu\u00e1ria (VPA) alcan\u00e7ou R$ 74,9 bilh\u00f5es, avan\u00e7o de 15,1% em rela\u00e7\u00e3o a 2024, segundo levantamento do\u00a0<span class=\"hover:entity-accent entity-underline inline cursor-pointer align-baseline\"><span class=\"whitespace-normal\">Centro de Socioeconomia e Planejamento Agr\u00edcola<\/span><\/span>\u00a0(Cepa), da\u00a0<span class=\"hover:entity-accent entity-underline inline cursor-pointer align-baseline\"><span class=\"whitespace-normal\">Empresa de Pesquisa Agropecu\u00e1ria e Extens\u00e3o Rural de Santa Catarina<\/span><\/span>\u00a0(Epagri).<\/p>\n<p data-start=\"514\" data-end=\"867\">O resultado reflete alta de 6,3% nos pre\u00e7os m\u00e9dios recebidos pelos produtores e aumento de 9,5% no volume produzido. Na pr\u00e1tica, o desempenho foi puxado por culturas e atividades com bom comportamento simult\u00e2neo de oferta e mercado, como milho, ma\u00e7\u00e3, tabaco, soja, bovinos e su\u00ednos, favorecidos por condi\u00e7\u00f5es clim\u00e1ticas mais regulares ao longo do ciclo.<\/p>\n<p data-start=\"869\" data-end=\"1247\">No com\u00e9rcio exterior, o setor manteve peso predominante na economia catarinense. As exporta\u00e7\u00f5es do agro somaram US$ 7,9 bilh\u00f5es \u2014 o equivalente a cerca de R$ 41,5 bilh\u00f5es, considerando c\u00e2mbio pr\u00f3ximo de R$ 5,25 \u2014, com crescimento de 5,8% sobre o ano anterior. O segmento respondeu por mais de 65% das vendas externas do estado, consolidando sua relev\u00e2ncia na gera\u00e7\u00e3o de divisas.<\/p>\n<div>\n<div class=\"centered-text-area\">\n<div class=\"centered-text\">\n<div class=\"u3f73b3e6bbefdbb804cebac7d55c39ee-content\"><span class=\"ctaText\">Leia Tamb\u00e9m:<\/span>\u00a0\u00a0<span class=\"postTitle\">Agroneg\u00f3cio de Minas Gerais exportou para 182 pa\u00edses em 2023: faturamento de R$ 50 bilh\u00f5es<\/span><\/div>\n<\/div>\n<\/div>\n<div class=\"ctaButton\"><\/div>\n<\/div>\n<p data-start=\"1249\" data-end=\"1498\">Apesar do avan\u00e7o, o boletim t\u00e9cnico aponta que o desempenho poderia ter sido mais robusto n\u00e3o fosse a eleva\u00e7\u00e3o de tarifas comerciais impostas pelos Estados Unidos a produtos brasileiros a partir do segundo semestre, o que afetou parte dos embarques.<\/p>\n<p data-start=\"1500\" data-end=\"1900\">No campo, a melhora dos indicadores agregados n\u00e3o se traduziu de forma uniforme na renda do produtor. O estudo destaca que, no per\u00edodo p\u00f3s-pandemia, a volatilidade de pre\u00e7os passou a ter impacto mais direto sobre a rentabilidade do que as varia\u00e7\u00f5es clim\u00e1ticas. Entre 2021 e 2025, oscila\u00e7\u00f5es de mercado influenciaram de maneira mais intensa o resultado econ\u00f4mico de culturas como arroz, cebola e alho.<\/p>\n<p data-start=\"1902\" data-end=\"2282\">Esse movimento fica evidente no conceito de \u201cponto de nivelamento\u201d, indicador que define o patamar m\u00ednimo de pre\u00e7o e produtividade necess\u00e1rio para cobrir os custos de produ\u00e7\u00e3o. Segundo a an\u00e1lise, culturas como soja e alho operam com maior margem de seguran\u00e7a, enquanto arroz e cebola apresentam menor folga, tornando-se mais sens\u00edveis a quedas de pre\u00e7o ou perdas de produtividade.<\/p>\n<p data-start=\"2284\" data-end=\"2556\">O levantamento tamb\u00e9m indica que, mesmo em um cen\u00e1rio de crescimento, a gest\u00e3o de risco se torna cada vez mais central para a atividade. A combina\u00e7\u00e3o entre custos, pre\u00e7os e produtividade passa a determinar, com mais precis\u00e3o, a sustentabilidade econ\u00f4mica das propriedades.<\/p>\n<div>\n<div class=\"centered-text-area\">\n<div class=\"centered-text\">\n<div class=\"u560d6b22c9c036708708267ef31effe2-content\"><span class=\"ctaText\">Leia Tamb\u00e9m:<\/span>\u00a0\u00a0<span class=\"postTitle\">Linha de cr\u00e9dito vai estimular caf\u00e9 sombreado e mira mercado de especiais<\/span><\/div>\n<\/div>\n<\/div>\n<div class=\"ctaButton\"><\/div>\n<\/div>\n<p data-start=\"2558\" data-end=\"2730\" data-is-last-node=\"\" data-is-only-node=\"\">Os dados consolidados de 2025 est\u00e3o dispon\u00edveis no Observat\u00f3rio Agro Catarinense, plataforma que re\u00fane indicadores da agropecu\u00e1ria estadual e acompanha a evolu\u00e7\u00e3o do setor.<\/p>\n<p data-start=\"2558\" data-end=\"2730\" data-is-last-node=\"\" data-is-only-node=\"\">\n<p data-start=\"2558\" data-end=\"2730\" data-is-last-node=\"\" data-is-only-node=\"\">\n<p data-start=\"2558\" data-end=\"2730\" data-is-last-node=\"\" data-is-only-node=\"\"><a href=\"https:\/\/pensaragro.com.br\/agro-responde-por-mais-de-65-das-exportacoes-do-estado\/\">Pensar Agro<\/a><\/p>\n","protected":false},"excerpt":{"rendered":"<p>O agroneg\u00f3cio de Santa Catarina fechou 2025 com crescimento consistente, sustentado pela combina\u00e7\u00e3o de maior &hellip;<\/p>\n","protected":false},"author":4,"featured_media":101354,"comment_status":"closed","ping_status":"open","sticky":false,"template":"","format":"standard","meta":{"footnotes":""},"categories":[48],"tags":[],"class_list":["post-101353","post","type-post","status-publish","format-standard","has-post-thumbnail","hentry","category-agro_cfnews"],"wps_subtitle":"","_links":{"self":[{"href":"https:\/\/www.cfnews.com.br\/portal\/wp-json\/wp\/v2\/posts\/101353","targetHints":{"allow":["GET"]}}],"collection":[{"href":"https:\/\/www.cfnews.com.br\/portal\/wp-json\/wp\/v2\/posts"}],"about":[{"href":"https:\/\/www.cfnews.com.br\/portal\/wp-json\/wp\/v2\/types\/post"}],"author":[{"embeddable":true,"href":"https:\/\/www.cfnews.com.br\/portal\/wp-json\/wp\/v2\/users\/4"}],"replies":[{"embeddable":true,"href":"https:\/\/www.cfnews.com.br\/portal\/wp-json\/wp\/v2\/comments?post=101353"}],"version-history":[{"count":1,"href":"https:\/\/www.cfnews.com.br\/portal\/wp-json\/wp\/v2\/posts\/101353\/revisions"}],"predecessor-version":[{"id":101355,"href":"https:\/\/www.cfnews.com.br\/portal\/wp-json\/wp\/v2\/posts\/101353\/revisions\/101355"}],"wp:featuredmedia":[{"embeddable":true,"href":"https:\/\/www.cfnews.com.br\/portal\/wp-json\/wp\/v2\/media\/101354"}],"wp:attachment":[{"href":"https:\/\/www.cfnews.com.br\/portal\/wp-json\/wp\/v2\/media?parent=101353"}],"wp:term":[{"taxonomy":"category","embeddable":true,"href":"https:\/\/www.cfnews.com.br\/portal\/wp-json\/wp\/v2\/categories?post=101353"},{"taxonomy":"post_tag","embeddable":true,"href":"https:\/\/www.cfnews.com.br\/portal\/wp-json\/wp\/v2\/tags?post=101353"}],"curies":[{"name":"wp","href":"https:\/\/api.w.org\/{rel}","templated":true}]}}