{"id":101356,"date":"2026-04-29T10:42:33","date_gmt":"2026-04-29T14:42:33","guid":{"rendered":"https:\/\/www.cfnews.com.br\/portal\/?p=101356"},"modified":"2026-04-29T10:42:33","modified_gmt":"2026-04-29T14:42:33","slug":"entidade-pede-r-623-bilhoes-para-o-proximo-plano-safra","status":"publish","type":"post","link":"https:\/\/www.cfnews.com.br\/portal\/2026\/04\/29\/entidade-pede-r-623-bilhoes-para-o-proximo-plano-safra\/","title":{"rendered":"Entidade pede R$ 623 bilh\u00f5es para o pr\u00f3ximo Plano Safra"},"content":{"rendered":"<p data-start=\"130\" data-end=\"587\">A\u00a0<span class=\"hover:entity-accent entity-underline inline cursor-pointer align-baseline\"><span class=\"whitespace-normal\">Confedera\u00e7\u00e3o da Agricultura e Pecu\u00e1ria do Brasil<\/span><\/span>\u00a0(CNA) encaminhou ao governo federal, nesta ter\u00e7a-feira (28.04), proposta de R$ 623 bilh\u00f5es para o Plano Safra 2026\/27, em meio ao encarecimento do cr\u00e9dito, \u00e0 press\u00e3o sobre as margens e ao aumento do endividamento no campo. O documento foi entregue ao ministro da Agricultura,\u00a0<span class=\"hover:entity-accent entity-underline inline cursor-pointer align-baseline\"><span class=\"whitespace-normal\">Andr\u00e9 de Paula<\/span><\/span>, e prev\u00ea a divis\u00e3o dos recursos entre agricultura empresarial e familiar, al\u00e9m de refor\u00e7o ao seguro rural.<\/p>\n<p data-start=\"589\" data-end=\"933\">A iniciativa ocorre em um momento em que o setor mant\u00e9m n\u00edveis elevados de produ\u00e7\u00e3o, mas com rentabilidade mais estreita. A combina\u00e7\u00e3o de juros altos, volatilidade de pre\u00e7os, restri\u00e7\u00f5es de financiamento e maior risco clim\u00e1tico tem levado produtores a sustentar a atividade com maior depend\u00eancia de cr\u00e9dito e menor capacidade de absorver perdas.<\/p>\n<p data-start=\"935\" data-end=\"1431\">No diagn\u00f3stico da CNA, o principal problema n\u00e3o est\u00e1 apenas no volume de recursos, mas na forma como o Plano Safra \u00e9 estruturado. A entidade aponta descompasso entre o calend\u00e1rio or\u00e7ament\u00e1rio e o ciclo agr\u00edcola, o que reduz a previsibilidade e dificulta o planejamento de produtores, cooperativas e agentes financeiros. Na pr\u00e1tica, a libera\u00e7\u00e3o de recursos ao longo do ano, muitas vezes condicionada a ajustes fiscais, interfere diretamente nas decis\u00f5es de plantio, investimento e comercializa\u00e7\u00e3o.<\/p>\n<div>\n<div class=\"centered-text-area\">\n<div class=\"centered-text\">\n<div class=\"u840908ddd81d30d7bea02dcd68c9d58f-content\"><span class=\"ctaText\">Leia Tamb\u00e9m:<\/span>\u00a0\u00a0<span class=\"postTitle\">Apesar das intemp\u00e9ries clim\u00e1ticas, plantio da soja no Brasil atingiu 30% da \u00e1rea prevista<\/span><\/div>\n<\/div>\n<\/div>\n<div class=\"ctaButton\"><\/div>\n<\/div>\n<p data-start=\"1433\" data-end=\"1739\">Outro ponto de aten\u00e7\u00e3o \u00e9 o custo da equaliza\u00e7\u00e3o das taxas de juros. Em um ambiente de juros mais elevados, o gasto do governo para subsidiar o cr\u00e9dito rural aumenta, o que tem exigido refor\u00e7os or\u00e7ament\u00e1rios ao longo do ciclo, cen\u00e1rio que, segundo a CNA, tende a se repetir caso n\u00e3o haja mudan\u00e7a no modelo.<\/p>\n<p data-start=\"1741\" data-end=\"2148\">O documento tamb\u00e9m refor\u00e7a a necessidade de ampliar e modernizar o seguro rural. A entidade defende o fortalecimento do Programa de Subven\u00e7\u00e3o ao Pr\u00eamio do Seguro Rural (PSR), visto como instrumento essencial para reduzir o risco das opera\u00e7\u00f5es e dar estabilidade ao financiamento. Sem cobertura adequada, a avalia\u00e7\u00e3o \u00e9 que o cr\u00e9dito tende a ficar mais caro ou mais restrito, sobretudo para m\u00e9dios produtores.<\/p>\n<p data-start=\"2150\" data-end=\"2408\">Al\u00e9m do aumento de recursos, a CNA prop\u00f5e a ado\u00e7\u00e3o de um modelo plurianual para o Plano Safra, com or\u00e7amento mais previs\u00edvel e execu\u00e7\u00e3o cont\u00ednua. A ideia \u00e9 reduzir a depend\u00eancia de ajustes ao longo do ano e alinhar a pol\u00edtica agr\u00edcola \u00e0 din\u00e2mica da produ\u00e7\u00e3o.<\/p>\n<p data-start=\"2410\" data-end=\"3193\">Entre as propostas encaminhadas est\u00e3o a cria\u00e7\u00e3o de um plano agr\u00edcola plurianual com defini\u00e7\u00e3o de prioridades, a amplia\u00e7\u00e3o dos recursos para o seguro rural e a moderniza\u00e7\u00e3o de sua legisla\u00e7\u00e3o, o aumento do volume de cr\u00e9dito com divis\u00e3o entre agricultura empresarial e familiar, medidas de apoio \u00e0 sa\u00fade financeira do produtor e instrumentos de renegocia\u00e7\u00e3o de d\u00edvidas, atualiza\u00e7\u00e3o dos limites de enquadramento por renda para programas como Pronaf e Pronamp, avan\u00e7o de uma nova etapa da Lei do Agro, simplifica\u00e7\u00e3o das regras do cr\u00e9dito rural e redu\u00e7\u00e3o de burocracias, prioriza\u00e7\u00e3o de programas de investimento como armazenagem, irriga\u00e7\u00e3o e sustentabilidade, amplia\u00e7\u00e3o de fundos garantidores e est\u00edmulo a mecanismos privados de financiamento com maior participa\u00e7\u00e3o do mercado de capitais.<\/p>\n<div>\n<div class=\"centered-text-area\">\n<div class=\"centered-text\">\n<div class=\"u620f52f684bd5d40ca44d49af1bd438c-content\"><span class=\"ctaText\">Leia Tamb\u00e9m:<\/span>\u00a0\u00a0<span class=\"postTitle\">Tributa\u00e7\u00e3o de t\u00edtulos agr\u00edcolas amea\u00e7a o cr\u00e9dito rural e pode impactar a produ\u00e7\u00e3o de alimentos<\/span><\/div>\n<\/div>\n<\/div>\n<div class=\"ctaButton\"><\/div>\n<\/div>\n<p data-start=\"3195\" data-end=\"3601\" data-is-last-node=\"\" data-is-only-node=\"\">Para o produtor, o debate sobre o Plano Safra deixa de ser apenas sobre o tamanho dos recursos anunciados e passa a envolver custo efetivo, acesso ao cr\u00e9dito e previsibilidade. Em um cen\u00e1rio de maior risco e juros elevados, a combina\u00e7\u00e3o entre financiamento, seguro e estabilidade or\u00e7ament\u00e1ria tende a determinar a capacidade de investimento e a sustentabilidade financeira da atividade nas pr\u00f3ximas safras.<\/p>\n<p data-start=\"3195\" data-end=\"3601\" data-is-last-node=\"\" data-is-only-node=\"\">\n<p data-start=\"3195\" data-end=\"3601\" data-is-last-node=\"\" data-is-only-node=\"\">\n<p data-start=\"3195\" data-end=\"3601\" data-is-last-node=\"\" data-is-only-node=\"\"><a href=\"https:\/\/pensaragro.com.br\/entidade-pede-r-623-bilhoes-para-o-proximo-plano-safra\/\">Pensar Agro<\/a><\/p>\n","protected":false},"excerpt":{"rendered":"<p>A\u00a0Confedera\u00e7\u00e3o da Agricultura e Pecu\u00e1ria do Brasil\u00a0(CNA) encaminhou ao governo federal, nesta ter\u00e7a-feira (28.04), proposta &hellip;<\/p>\n","protected":false},"author":4,"featured_media":101357,"comment_status":"closed","ping_status":"open","sticky":false,"template":"","format":"standard","meta":{"footnotes":""},"categories":[188],"tags":[],"class_list":["post-101356","post","type-post","status-publish","format-standard","has-post-thumbnail","hentry","category-economia"],"wps_subtitle":"","_links":{"self":[{"href":"https:\/\/www.cfnews.com.br\/portal\/wp-json\/wp\/v2\/posts\/101356","targetHints":{"allow":["GET"]}}],"collection":[{"href":"https:\/\/www.cfnews.com.br\/portal\/wp-json\/wp\/v2\/posts"}],"about":[{"href":"https:\/\/www.cfnews.com.br\/portal\/wp-json\/wp\/v2\/types\/post"}],"author":[{"embeddable":true,"href":"https:\/\/www.cfnews.com.br\/portal\/wp-json\/wp\/v2\/users\/4"}],"replies":[{"embeddable":true,"href":"https:\/\/www.cfnews.com.br\/portal\/wp-json\/wp\/v2\/comments?post=101356"}],"version-history":[{"count":1,"href":"https:\/\/www.cfnews.com.br\/portal\/wp-json\/wp\/v2\/posts\/101356\/revisions"}],"predecessor-version":[{"id":101358,"href":"https:\/\/www.cfnews.com.br\/portal\/wp-json\/wp\/v2\/posts\/101356\/revisions\/101358"}],"wp:featuredmedia":[{"embeddable":true,"href":"https:\/\/www.cfnews.com.br\/portal\/wp-json\/wp\/v2\/media\/101357"}],"wp:attachment":[{"href":"https:\/\/www.cfnews.com.br\/portal\/wp-json\/wp\/v2\/media?parent=101356"}],"wp:term":[{"taxonomy":"category","embeddable":true,"href":"https:\/\/www.cfnews.com.br\/portal\/wp-json\/wp\/v2\/categories?post=101356"},{"taxonomy":"post_tag","embeddable":true,"href":"https:\/\/www.cfnews.com.br\/portal\/wp-json\/wp\/v2\/tags?post=101356"}],"curies":[{"name":"wp","href":"https:\/\/api.w.org\/{rel}","templated":true}]}}