{"id":101359,"date":"2026-04-29T10:43:49","date_gmt":"2026-04-29T14:43:49","guid":{"rendered":"https:\/\/www.cfnews.com.br\/portal\/?p=101359"},"modified":"2026-04-29T10:43:49","modified_gmt":"2026-04-29T14:43:49","slug":"prefeitura-de-cuiaba-convoca-medicos-aprovados-em-processo-seletivo-para-atuacao-em-usfs","status":"publish","type":"post","link":"https:\/\/www.cfnews.com.br\/portal\/2026\/04\/29\/prefeitura-de-cuiaba-convoca-medicos-aprovados-em-processo-seletivo-para-atuacao-em-usfs\/","title":{"rendered":"Prefeitura de Cuiab\u00e1 convoca m\u00e9dicos aprovados em processo seletivo para atua\u00e7\u00e3o em USFs"},"content":{"rendered":"<p data-end=\"460\" data-start=\"125\">A Prefeitura de Cuiab\u00e1, por meio da Secretaria Municipal de Sa\u00fade (SMS), publicou na\u00a0<a href=\"https:\/\/gazetamunicipal.cuiaba.mt.gov.br\/api\/api\/editions\/viewPdf\/11708\">edi\u00e7\u00e3o suplementar da Gazeta Municipal desta ter\u00e7a-feira (28)<\/a>\u00a0o Edital de Convoca\u00e7\u00e3o n\u00ba 02\/2026, referente ao Processo de Sele\u00e7\u00e3o Simplificado n\u00ba 001\/2026\/SMS, que prev\u00ea a contrata\u00e7\u00e3o tempor\u00e1ria de profissionais para refor\u00e7ar a rede p\u00fablica de sa\u00fade.<\/p>\n<p data-end=\"679\" data-start=\"462\">Nesta etapa, foram convocados nove m\u00e9dicos cl\u00ednicos gerais para atua\u00e7\u00e3o na Aten\u00e7\u00e3o Prim\u00e1ria \u00e0 Sa\u00fade (APS), com carga hor\u00e1ria de 40 horas semanais, que ir\u00e3o atender nas Unidades de Sa\u00fade da Fam\u00edlia (USFs) do munic\u00edpio.<\/p>\n<p data-end=\"1011\" data-start=\"681\">Os convocados devem apresentar ou enviar a documenta\u00e7\u00e3o exigida no prazo de 15 dias, a partir de 28 de abril de 2026, com prazo final em 13 de maio de 2026. O procedimento pode ser feito de forma online, pelo Protocolo Virtual (SIGED), ou presencialmente na Diretoria de Gest\u00e3o de Pessoas da Secretaria Municipal de Sa\u00fade.<\/p>\n<p data-end=\"1052\" data-start=\"1013\">Entre os documentos obrigat\u00f3rios est\u00e3o:<\/p>\n<ul data-end=\"1525\" data-start=\"1053\">\n<li data-end=\"1102\" data-section-id=\"jl4i2c\" data-start=\"1053\">Documento de identifica\u00e7\u00e3o (RG ou CNH) e CPF;<\/li>\n<li data-end=\"1125\" data-section-id=\"rjuwit\" data-start=\"1103\">T\u00edtulo de eleitor;<\/li>\n<li data-end=\"1140\" data-section-id=\"17u9g81\" data-start=\"1126\">PIS\/PASEP;<\/li>\n<li data-end=\"1165\" data-section-id=\"19w3qx0\" data-start=\"1141\">Foto 3&#215;4 atualizada;<\/li>\n<li data-end=\"1248\" data-section-id=\"v7def5\" data-start=\"1166\">Registro no Conselho Regional de Medicina (CRM-MT) e certid\u00e3o de regularidade;<\/li>\n<li data-end=\"1290\" data-section-id=\"6hh2w4\" data-start=\"1249\">Comprovante de resid\u00eancia atualizado;<\/li>\n<li data-end=\"1316\" data-section-id=\"12xqiva\" data-start=\"1291\">Carteira de Trabalho;<\/li>\n<li data-end=\"1372\" data-section-id=\"1efgld3\" data-start=\"1317\">Certid\u00f5es negativas nas esferas estadual e federal;<\/li>\n<li data-end=\"1413\" data-section-id=\"79ha21\" data-start=\"1373\">Certid\u00f5es de v\u00ednculos empregat\u00edcios;<\/li>\n<li data-end=\"1451\" data-section-id=\"1scc934\" data-start=\"1414\">Declara\u00e7\u00f5es exigidas pelo edital;<\/li>\n<li data-end=\"1525\" data-section-id=\"1p6x1e7\" data-start=\"1452\">Diploma de gradua\u00e7\u00e3o ou certificado de conclus\u00e3o com hist\u00f3rico escolar.<\/li>\n<\/ul>\n<p data-end=\"1780\" data-start=\"1527\">Tamb\u00e9m \u00e9 obrigat\u00f3ria a apresenta\u00e7\u00e3o do Atestado de Sa\u00fade Ocupacional (ASO), acompanhado de exames espec\u00edficos para a fun\u00e7\u00e3o m\u00e9dica, como avalia\u00e7\u00e3o oftalmol\u00f3gica, avalia\u00e7\u00e3o psiqui\u00e1trica e psicol\u00f3gica, eletrocardiograma, exames laboratoriais e sorologias.<\/p>\n<p data-end=\"1948\" data-start=\"1782\">Os candidatos devem ainda apresentar o cart\u00e3o de vacina\u00e7\u00e3o atualizado, incluindo imuniza\u00e7\u00f5es como Hepatite B, Tr\u00edplice Viral, dT, Febre Amarela, Influenza e Covid-19.<\/p>\n<p data-end=\"2242\" data-start=\"1950\">A Secretaria Municipal de Sa\u00fade refor\u00e7a que o n\u00e3o envio ou a apresenta\u00e7\u00e3o incompleta da documenta\u00e7\u00e3o dentro do prazo resultar\u00e1 na elimina\u00e7\u00e3o autom\u00e1tica do processo seletivo. Ap\u00f3s a valida\u00e7\u00e3o, os profissionais ter\u00e3o at\u00e9 48 horas para se apresentar na unidade designada e iniciar as atividades.<\/p>\n<p data-end=\"2390\" data-is-last-node=\"\" data-is-only-node=\"\" data-start=\"2244\">A medida visa fortalecer o atendimento nas Unidades de Sa\u00fade da Fam\u00edlia e ampliar o acesso da popula\u00e7\u00e3o cuiabana aos servi\u00e7os da Aten\u00e7\u00e3o Prim\u00e1ria.<\/p>\n<p data-end=\"2390\" data-is-last-node=\"\" data-is-only-node=\"\" data-start=\"2244\">\n<p data-end=\"2390\" data-is-last-node=\"\" data-is-only-node=\"\" data-start=\"2244\">\n<p data-end=\"2390\" data-is-last-node=\"\" data-is-only-node=\"\" data-start=\"2244\"><a href=\"https:\/\/www.cuiaba.mt.gov.br\/noticias\/prefeitura-de-cuiaba-convoca-medicos-aprovados-em-processo-seletivo-para-atuacao-em-usfs\">Prefeitura de Cuiab\u00e1<\/a><\/p>\n","protected":false},"excerpt":{"rendered":"<p>A Prefeitura de Cuiab\u00e1, por meio da Secretaria Municipal de Sa\u00fade (SMS), publicou na\u00a0edi\u00e7\u00e3o suplementar &hellip;<\/p>\n","protected":false},"author":4,"featured_media":101360,"comment_status":"closed","ping_status":"open","sticky":false,"template":"","format":"standard","meta":{"footnotes":""},"categories":[1],"tags":[],"class_list":["post-101359","post","type-post","status-publish","format-standard","has-post-thumbnail","hentry","category-cf-news"],"wps_subtitle":"","_links":{"self":[{"href":"https:\/\/www.cfnews.com.br\/portal\/wp-json\/wp\/v2\/posts\/101359","targetHints":{"allow":["GET"]}}],"collection":[{"href":"https:\/\/www.cfnews.com.br\/portal\/wp-json\/wp\/v2\/posts"}],"about":[{"href":"https:\/\/www.cfnews.com.br\/portal\/wp-json\/wp\/v2\/types\/post"}],"author":[{"embeddable":true,"href":"https:\/\/www.cfnews.com.br\/portal\/wp-json\/wp\/v2\/users\/4"}],"replies":[{"embeddable":true,"href":"https:\/\/www.cfnews.com.br\/portal\/wp-json\/wp\/v2\/comments?post=101359"}],"version-history":[{"count":1,"href":"https:\/\/www.cfnews.com.br\/portal\/wp-json\/wp\/v2\/posts\/101359\/revisions"}],"predecessor-version":[{"id":101361,"href":"https:\/\/www.cfnews.com.br\/portal\/wp-json\/wp\/v2\/posts\/101359\/revisions\/101361"}],"wp:featuredmedia":[{"embeddable":true,"href":"https:\/\/www.cfnews.com.br\/portal\/wp-json\/wp\/v2\/media\/101360"}],"wp:attachment":[{"href":"https:\/\/www.cfnews.com.br\/portal\/wp-json\/wp\/v2\/media?parent=101359"}],"wp:term":[{"taxonomy":"category","embeddable":true,"href":"https:\/\/www.cfnews.com.br\/portal\/wp-json\/wp\/v2\/categories?post=101359"},{"taxonomy":"post_tag","embeddable":true,"href":"https:\/\/www.cfnews.com.br\/portal\/wp-json\/wp\/v2\/tags?post=101359"}],"curies":[{"name":"wp","href":"https:\/\/api.w.org\/{rel}","templated":true}]}}