{"id":104138,"date":"2026-08-31T09:50:19","date_gmt":"2026-08-31T13:50:19","guid":{"rendered":"https:\/\/www.cfnews.com.br\/portal\/?p=104138"},"modified":"2026-08-31T09:50:19","modified_gmt":"2026-08-31T13:50:19","slug":"flavia-moretti-manifesta-apoio-a-pivetta-e-contraria-orientacao-do-partido-durante-articulacao-eleitoral","status":"publish","type":"post","link":"https:\/\/www.cfnews.com.br\/portal\/flavia-moretti-manifesta-apoio-a-pivetta-e-contraria-orientacao-do-partido-durante-articulacao-eleitoral\/","title":{"rendered":"Fl\u00e1via Moretti manifesta apoio a Pivetta e contraria orienta\u00e7\u00e3o do partido durante articula\u00e7\u00e3o eleitoral"},"content":{"rendered":"<p>A prefeita de V\u00e1rzea Grande,\u00a0<strong>Fl\u00e1via Moretti (PL), contrariou a orienta\u00e7\u00e3o de seu pr\u00f3prio partido e declarou publicamente apoio e voto \u00e0 reelei\u00e7\u00e3o do governador Otaviano Pivetta (Republicanos)<\/strong>. A decis\u00e3o coloca a gestora em campo pol\u00edtico diferente do candidato do PL ao Governo de Mato Grosso, Wellington Fagundes, e amplia o racha dentro da legenda em plena campanha eleitoral.<\/p>\n<p>Ao anunciar sua posi\u00e7\u00e3o, Fl\u00e1via deixou claro que sua escolha n\u00e3o estaria condicionada \u00e0 sigla partid\u00e1ria. A prefeita afirmou que decidiu apoiar Pivetta ap\u00f3s acompanhar sua atua\u00e7\u00e3o administrativa e, principalmente, pelo suporte recebido por V\u00e1rzea Grande.<\/p>\n<p><strong>\u201cHoje declaro n\u00e3o apenas o apoio. Declaro meu voto. O cora\u00e7\u00e3o manda e a raz\u00e3o obedece. O mais importante \u00e9 que n\u00e3o \u00e9 por partido. N\u00e3o \u00e9 por elei\u00e7\u00e3o. \u00c9 por ter conhecido o senhor\u201d, afirmou Fl\u00e1via.<\/strong><\/p>\n<p>A declara\u00e7\u00e3o ganha peso pol\u00edtico porque a prefeita pertence justamente ao PL, partido que tem Wellington Fagundes como candidato ao Governo de Mato Grosso. Na pr\u00e1tica,\u00a0<strong>a chefe do Executivo de uma das maiores cidades do Estado deixa de seguir o projeto eleitoral da pr\u00f3pria legenda e passa a defender publicamente a reelei\u00e7\u00e3o do principal advers\u00e1rio.<\/strong><\/p>\n<p>O movimento tamb\u00e9m ocorre em meio \u00e0s diverg\u00eancias internas envolvendo prefeitos liberais que optaram por apoiar Pivetta. Em Rondon\u00f3polis, o prefeito Cl\u00e1udio Ferreira (PL) tamb\u00e9m declarou apoio ao governador, mesmo diante da orienta\u00e7\u00e3o partid\u00e1ria em favor de Wellington.<\/p>\n<p><strong>Com Fl\u00e1via, o movimento ganha novo peso pol\u00edtico e refor\u00e7a a debandada de lideran\u00e7as do pr\u00f3prio PL do palanque de Wellington Fagundes.<\/strong><\/p>\n<h3>\u201cABRA\u00c7OU V\u00c1RZEA GRANDE\u201d<\/h3>\n<p>Fl\u00e1via justificou a decis\u00e3o destacando a\u00e7\u00f5es do Governo do Estado em V\u00e1rzea Grande. Segundo a prefeita, Pivetta deu respostas \u00e0s demandas apresentadas pela administra\u00e7\u00e3o municipal em \u00e1reas consideradas priorit\u00e1rias.<\/p>\n<div>\n<div class=\"centered-text-area\">\n<div class=\"centered-text\">\n<div class=\"u6b7ce59951dd5a7bfa3596b56e2f8d15-content\"><span class=\"ctaText\">Leia Tamb\u00e9m:<\/span>\u00a0\u00a0<span class=\"postTitle\">Deputados votam PL que obriga uso de uniforme nas unidades escolares estaduais<\/span><\/div>\n<\/div>\n<\/div>\n<div class=\"ctaButton\"><\/div>\n<\/div>\n<p><strong>A gestora citou atendimento ao Pronto-Socorro, a\u00e7\u00f5es na sa\u00fade, investimentos em infraestrutura, asfaltamento e recapeamento, al\u00e9m da parceria para enfrentar o hist\u00f3rico problema do abastecimento de \u00e1gua no munic\u00edpio.<\/strong><\/p>\n<p>\u201cPoderia ter declarado [apoio] em um palanque com dez mil, vinte mil pessoas ou em uma coletiva de imprensa, mas escolhi andar em V\u00e1rzea Grande com o senhor. Mostrei os problemas e o senhor atendeu de pronto\u201d, declarou.<\/p>\n<p>A prefeita afirmou ainda que os investimentos em infraestrutura j\u00e1 podem ser percebidos em diferentes regi\u00f5es da cidade e destacou a participa\u00e7\u00e3o do Estado nas medidas voltadas \u00e0 quest\u00e3o h\u00eddrica.<\/p>\n<p>\u201cMe atendeu no pronto-socorro, na Secretaria de Sa\u00fade, pela Secretaria de Infraestrutura e Log\u00edstica [Sinfra] com asfalto, infraestrutura e recapeamento que hoje acontece nos quatro cantos do munic\u00edpio.\u00a0<strong>Agora, abra\u00e7ou V\u00e1rzea Grande com a alian\u00e7a pela \u00e1gua<\/strong>\u201d, disse.<\/p>\n<h3>\u201cQUERO SER COMO O SENHOR\u201d<\/h3>\n<p>Al\u00e9m de declarar apoio eleitoral, Fl\u00e1via fez elogios diretos ao perfil administrativo do governador.\u00a0<strong>A prefeita classificou Pivetta como refer\u00eancia de gestor p\u00fablico e afirmou que sua experi\u00eancia \u00e0 frente de V\u00e1rzea Grande mudou a percep\u00e7\u00e3o que tinha sobre ele.<\/strong><\/p>\n<p>\u201cQuando assumi como prefeita, n\u00e3o sabia o tamanho que o senhor era\u201d, afirmou.<\/p>\n<p>Em outro momento, a prefeita foi ainda mais enf\u00e1tica ao falar sobre a influ\u00eancia de Pivetta em sua pr\u00f3pria maneira de administrar.<\/p>\n<p><strong>\u201cEu s\u00f3 quero ser como o senhor: crescer e ser gigante\u201d, declarou Fl\u00e1via.<\/strong><\/p>\n<p>A prefeita afirmou tamb\u00e9m que enxerga no governador uma combina\u00e7\u00e3o entre capacidade t\u00e9cnica e sensibilidade na tomada de decis\u00f5es.<\/p>\n<p>\u201cAs decis\u00f5es s\u00e3o tomadas, pelo senhor, pela forma do cora\u00e7\u00e3o, mas tamb\u00e9m pela da raz\u00e3o. Em 1 ano e 8 meses como prefeita, aprendi que tenho que ser como o senhor\u201d, completou.<\/p>\n<h3>NOVO REV\u00c9S PARA WELLINGTON<\/h3>\n<p><strong>A ades\u00e3o de Fl\u00e1via Moretti aumenta a dificuldade do PL em manter suas principais lideran\u00e7as municipais alinhadas \u00e0 candidatura de Wellington Fagundes.<\/strong>\u00a0O epis\u00f3dio deixa de representar apenas uma diverg\u00eancia pontual e passa a expor publicamente a disputa entre a orienta\u00e7\u00e3o partid\u00e1ria e as alian\u00e7as constru\u00eddas por prefeitos com o Governo do Estado.<\/p>\n<p>No caso de V\u00e1rzea Grande, o impacto pol\u00edtico \u00e9 ainda maior pela import\u00e2ncia eleitoral do munic\u00edpio e pelo fato de Fl\u00e1via n\u00e3o ter se limitado a manifestar simpatia pelo governador.\u00a0<strong>A prefeita declarou expressamente seu voto em Otaviano Pivetta e justificou a decis\u00e3o com os resultados da parceria entre Estado e munic\u00edpio.<\/strong><\/p>\n<p>Com a campanha entrando em sua fase decisiva, o posicionamento representa mais um desafio para a dire\u00e7\u00e3o do PL. Enquanto Wellington tenta consolidar o palanque da legenda e reunir sua base em torno da candidatura ao Paiagu\u00e1s, prefeitos do pr\u00f3prio partido seguem caminho diferente.<\/p>\n<p>&nbsp;<\/p>\n<p>&nbsp;<\/p>\n<p>Fonte: <a href=\"https:\/\/folhadematogrosso.com.br\/politica-mt\/flavia-moretti-ignora-recomendacao-do-partido-declara-voto-em-pivetta-e-esvazia-palanque-de-wellington-quero-ser-como-o-senhor-assistam\/\">Folha de Mato Grosso<\/a><\/p>\n","protected":false},"excerpt":{"rendered":"<p>A prefeita de V\u00e1rzea Grande,\u00a0Fl\u00e1via Moretti (PL), contrariou a orienta\u00e7\u00e3o de seu pr\u00f3prio partido e &hellip;<\/p>\n","protected":false},"author":4,"featured_media":104139,"comment_status":"closed","ping_status":"open","sticky":false,"template":"","format":"standard","meta":{"footnotes":""},"categories":[1],"tags":[],"class_list":["post-104138","post","type-post","status-publish","format-standard","has-post-thumbnail","hentry","category-cf-news"],"wps_subtitle":"","_links":{"self":[{"href":"https:\/\/www.cfnews.com.br\/portal\/wp-json\/wp\/v2\/posts\/104138","targetHints":{"allow":["GET"]}}],"collection":[{"href":"https:\/\/www.cfnews.com.br\/portal\/wp-json\/wp\/v2\/posts"}],"about":[{"href":"https:\/\/www.cfnews.com.br\/portal\/wp-json\/wp\/v2\/types\/post"}],"author":[{"embeddable":true,"href":"https:\/\/www.cfnews.com.br\/portal\/wp-json\/wp\/v2\/users\/4"}],"replies":[{"embeddable":true,"href":"https:\/\/www.cfnews.com.br\/portal\/wp-json\/wp\/v2\/comments?post=104138"}],"version-history":[{"count":1,"href":"https:\/\/www.cfnews.com.br\/portal\/wp-json\/wp\/v2\/posts\/104138\/revisions"}],"predecessor-version":[{"id":104140,"href":"https:\/\/www.cfnews.com.br\/portal\/wp-json\/wp\/v2\/posts\/104138\/revisions\/104140"}],"wp:featuredmedia":[{"embeddable":true,"href":"https:\/\/www.cfnews.com.br\/portal\/wp-json\/wp\/v2\/media\/104139"}],"wp:attachment":[{"href":"https:\/\/www.cfnews.com.br\/portal\/wp-json\/wp\/v2\/media?parent=104138"}],"wp:term":[{"taxonomy":"category","embeddable":true,"href":"https:\/\/www.cfnews.com.br\/portal\/wp-json\/wp\/v2\/categories?post=104138"},{"taxonomy":"post_tag","embeddable":true,"href":"https:\/\/www.cfnews.com.br\/portal\/wp-json\/wp\/v2\/tags?post=104138"}],"curies":[{"name":"wp","href":"https:\/\/api.w.org\/{rel}","templated":true}]}}