{"id":104144,"date":"2026-08-31T09:53:28","date_gmt":"2026-08-31T13:53:28","guid":{"rendered":"https:\/\/www.cfnews.com.br\/portal\/?p=104144"},"modified":"2026-08-31T09:55:56","modified_gmt":"2026-08-31T13:55:56","slug":"assistencia-social-e-saude-levam-acoes-e-atendimentos-a-comunidade-rural-sadia-iii","status":"publish","type":"post","link":"https:\/\/www.cfnews.com.br\/portal\/assistencia-social-e-saude-levam-acoes-e-atendimentos-a-comunidade-rural-sadia-iii\/","title":{"rendered":"Assist\u00eancia Social e Sa\u00fade levam a\u00e7\u00f5es e atendimentos \u00e0 comunidade rural Sadia III"},"content":{"rendered":"<p>A comunidade Umuarama, que integra o Sadia III, recebeu neste s\u00e1bado (28) uma s\u00e9rie de a\u00e7\u00f5es e servi\u00e7os promovidos pelas Secretarias Municipais de Assist\u00eancia Social e de Sa\u00fade. A iniciativa levou atendimentos diretamente aos moradores, facilitando o acesso da popula\u00e7\u00e3o rural a servi\u00e7os essenciais e fortalecendo a presen\u00e7a do poder p\u00fablico nas comunidades mais afastadas da \u00e1rea urbana.<\/p>\n<p>De acordo com a secret\u00e1ria de Assist\u00eancia Social, Taynara Morais, a a\u00e7\u00e3o reuniu diferentes servi\u00e7os das duas pastas. Na Assist\u00eancia Social, foram realizados atendimentos de gerenciamento e acompanhamento das fam\u00edlias, referenciamento sociofamiliar, Cadastro \u00danico e Bolsa Fam\u00edlia. Na Sa\u00fade, os moradores tiveram acesso \u00e0 pesagem de crian\u00e7as, atendimento oftalmol\u00f3gico, consultas m\u00e9dicas e odontol\u00f3gicas, al\u00e9m de atualiza\u00e7\u00e3o da caderneta de vacina\u00e7\u00e3o.<\/p>\n<p>Taynara Morais destacou a import\u00e2ncia da atua\u00e7\u00e3o conjunta entre as secretarias e ressaltou o impacto positivo dos servi\u00e7os oferecidos diretamente \u00e0s fam\u00edlias que vivem nas comunidades rurais.<\/p>\n<p>\u201cO nosso trabalho consiste em proporcionar atendimento mais pr\u00f3ximo das fam\u00edlias, contribuindo para a melhoria da qualidade de vida dos moradores. \u00c9 muito importante levar os servi\u00e7os p\u00fablicos at\u00e9 onde as fam\u00edlias est\u00e3o. Essas a\u00e7\u00f5es fazem a diferen\u00e7a no dia a dia da popula\u00e7\u00e3o, principalmente para quem vive na zona rural e, muitas vezes, encontra dificuldades para se deslocar at\u00e9 a regi\u00e3o urbana em busca de atendimento\u201d, destacou.<\/p>\n<p>A secret\u00e1ria tamb\u00e9m ressaltou que a iniciativa est\u00e1 alinhada \u00e0 pol\u00edtica da gest\u00e3o da prefeita Fl\u00e1via Moretti de ampliar o acesso aos servi\u00e7os p\u00fablicos e promover um atendimento cada vez mais descentralizado.<\/p>\n<p>\u201c\u00c9 isso que estamos fazendo: levando os servi\u00e7os para toda a comunidade, sem fazer distin\u00e7\u00e3o entre quem mora na zona urbana ou na zona rural. O munic\u00edpio precisa estar presente onde a popula\u00e7\u00e3o est\u00e1, garantindo atendimento, cuidado e cidadania para todas as fam\u00edlias\u201d, afirmou.<\/p>\n<div class=\"gallery-section\">\n<div class=\"modern-gallery collapsed\">\n<div class=\"gallery-item\" data-aos=\"fade-up\" data-aos-delay=\"800\">\n<div class=\"gallery-card\">\n<div class=\"image-container\"><\/div>\n<\/div>\n<\/div>\n<\/div>\n<\/div>\n<div class=\"overlay-content\"><\/div>\n<div><\/div>\n<div><\/div>\n<div><\/div>\n<div><\/div>\n<div><\/div>\n<div><a href=\"https:\/\/www.varzeagrande.mt.gov.br\/assistencia-social-e-saude-levam-acoes-e-atendimentos-a-comunidade-rural-sadia-iii\">Prefeitura de VG<\/a><\/div>\n","protected":false},"excerpt":{"rendered":"<p>A comunidade Umuarama, que integra o Sadia III, recebeu neste s\u00e1bado (28) uma s\u00e9rie de &hellip;<\/p>\n","protected":false},"author":4,"featured_media":104145,"comment_status":"closed","ping_status":"open","sticky":false,"template":"","format":"standard","meta":{"footnotes":""},"categories":[176],"tags":[],"class_list":["post-104144","post","type-post","status-publish","format-standard","has-post-thumbnail","hentry","category-geral"],"wps_subtitle":"","_links":{"self":[{"href":"https:\/\/www.cfnews.com.br\/portal\/wp-json\/wp\/v2\/posts\/104144","targetHints":{"allow":["GET"]}}],"collection":[{"href":"https:\/\/www.cfnews.com.br\/portal\/wp-json\/wp\/v2\/posts"}],"about":[{"href":"https:\/\/www.cfnews.com.br\/portal\/wp-json\/wp\/v2\/types\/post"}],"author":[{"embeddable":true,"href":"https:\/\/www.cfnews.com.br\/portal\/wp-json\/wp\/v2\/users\/4"}],"replies":[{"embeddable":true,"href":"https:\/\/www.cfnews.com.br\/portal\/wp-json\/wp\/v2\/comments?post=104144"}],"version-history":[{"count":3,"href":"https:\/\/www.cfnews.com.br\/portal\/wp-json\/wp\/v2\/posts\/104144\/revisions"}],"predecessor-version":[{"id":104148,"href":"https:\/\/www.cfnews.com.br\/portal\/wp-json\/wp\/v2\/posts\/104144\/revisions\/104148"}],"wp:featuredmedia":[{"embeddable":true,"href":"https:\/\/www.cfnews.com.br\/portal\/wp-json\/wp\/v2\/media\/104145"}],"wp:attachment":[{"href":"https:\/\/www.cfnews.com.br\/portal\/wp-json\/wp\/v2\/media?parent=104144"}],"wp:term":[{"taxonomy":"category","embeddable":true,"href":"https:\/\/www.cfnews.com.br\/portal\/wp-json\/wp\/v2\/categories?post=104144"},{"taxonomy":"post_tag","embeddable":true,"href":"https:\/\/www.cfnews.com.br\/portal\/wp-json\/wp\/v2\/tags?post=104144"}],"curies":[{"name":"wp","href":"https:\/\/api.w.org\/{rel}","templated":true}]}}