{"id":104151,"date":"2026-08-31T14:27:44","date_gmt":"2026-08-31T18:27:44","guid":{"rendered":"https:\/\/www.cfnews.com.br\/portal\/?p=104151"},"modified":"2026-08-31T14:27:44","modified_gmt":"2026-08-31T18:27:44","slug":"comissao-de-fiscalizacao-reforca-controle-das-contas-publicas","status":"publish","type":"post","link":"https:\/\/www.cfnews.com.br\/portal\/comissao-de-fiscalizacao-reforca-controle-das-contas-publicas\/","title":{"rendered":"Comiss\u00e3o de Fiscaliza\u00e7\u00e3o refor\u00e7a controle das contas p\u00fablicas"},"content":{"rendered":"<p>No primeiro semestre de 2026, a Comiss\u00e3o de Fiscaliza\u00e7\u00e3o e Acompanhamento da Execu\u00e7\u00e3o Or\u00e7ament\u00e1ria (CFAEO) da Assembleia Legislativa de Mato Grosso (ALMT) analisou 67 proposi\u00e7\u00f5es, realizou 11 reuni\u00f5es e promoveu quatro audi\u00eancias p\u00fablicas.<\/p>\n<p>A CFAEO exerce papel estrat\u00e9gico no processo legislativo, especialmente na an\u00e1lise de proposi\u00e7\u00f5es relacionadas \u00e0s finan\u00e7as p\u00fablicas, arrecada\u00e7\u00e3o, despesas, d\u00edvida p\u00fablica, contratos e instrumentos de planejamento do estado.<\/p>\n<p>Entre as 67 proposi\u00e7\u00f5es encaminhadas \u00e0 comiss\u00e3o no primeiro semestre est\u00e3o 39 projetos de lei; 11 emendas a projetos de lei; nove substitutivos integrais; seis projetos de lei complementares; e dois projetos de resolu\u00e7\u00e3o.<\/p>\n<p>Al\u00e9m da an\u00e1lise das proposi\u00e7\u00f5es, a comiss\u00e3o realizou 11 reuni\u00f5es, sendo uma de instala\u00e7\u00e3o e posse dos membros, uma ordin\u00e1ria e nove extraordin\u00e1rias, para aprecia\u00e7\u00e3o de mat\u00e9rias, an\u00e1lise de pareceres, delibera\u00e7\u00e3o sobre proposi\u00e7\u00f5es e acompanhamento de demandas relacionadas \u00e0 execu\u00e7\u00e3o or\u00e7ament\u00e1ria e financeira de Mato Grosso.<\/p>\n<p>A atua\u00e7\u00e3o da comiss\u00e3o tamb\u00e9m foi marcada pela realiza\u00e7\u00e3o de quatro audi\u00eancias p\u00fablicas, destinadas \u00e0 apresenta\u00e7\u00e3o das metas fiscais pela Secretaria de Estado de Fazenda (Sefaz) e das metas f\u00edsicas e do Relat\u00f3rio Anual de Gest\u00e3o (RAG) referente ao segundo exerc\u00edcio do Plano Plurianual (PPA) 2024\/2027 pela Secretaria de Estado de Planejamento e Gest\u00e3o (Seplag).<\/p>\n<p>As audi\u00eancias p\u00fablicas integram os mecanismos de transpar\u00eancia da ALMT e permitem que informa\u00e7\u00f5es sobre receitas, despesas, metas e resultados sejam apresentadas e debatidas com a sociedade.<\/p>\n<figure data-template-type=\"imagem\" data-template-align-horizontal=\"right\" data-template-align-vertical=\"top\"><img decoding=\"async\" src=\"https:\/\/storage.al.mt.gov.br\/api\/v1\/download\/image\/977575?width=420px&amp;quality=80\" alt=\"Audi\u00eancia p\u00fablica para apresenta\u00e7\u00e3o das metas f\u00edsicas referentes ao 2\u00ba semestre de 2025, realizada em maio.\" \/><\/p>\n<div class=\"font-autor-foto\">\n<p class=\"mb-1\">Audi\u00eancia p\u00fablica para apresenta\u00e7\u00e3o das metas f\u00edsicas referentes ao 2\u00ba semestre de 2025, realizada em maio.<\/p>\n<p><i>Foto: ANGELO VARELA \/ ALMT<\/i><\/p>\n<\/div>\n<\/figure>\n<p>O relat\u00f3rio registra ainda a aprova\u00e7\u00e3o de quatro Leis Ordin\u00e1rias, uma Lei Complementar e duas Resolu\u00e7\u00f5es. Entre as normas de destaque, est\u00e1 a\u00a0<a href=\"https:\/\/www.al.mt.gov.br\/norma-juridica\/urn:lex:br;mato.grosso:estadual:lei.ordinaria:2026-04-29;13346\" target=\"_blank\" rel=\"noopener noreferrer\">Lei n\u00ba 13.346\/2026<\/a>, que autoriza o Poder Executivo a conceder financiamento \u00e0 Associa\u00e7\u00e3o dos Camel\u00f4s do Shopping Popular.<\/p>\n<p>Outro resultado relevante foi a\u00a0<a href=\"https:\/\/www.al.mt.gov.br\/norma-juridica\/urn:lex:br;mato.grosso:estadual:lei.ordinaria:2026-06-26;13467\" target=\"_blank\" rel=\"noopener noreferrer\">Lei n\u00ba 13.467\/2026<\/a>, que alterou a legisla\u00e7\u00e3o do Fundo Estadual de Equil\u00edbrio Fiscal de Mato Grosso (FEEF\/MT) e prorrogou a vig\u00eancia em car\u00e1ter transit\u00f3rio. Conforme destacado no relat\u00f3rio, a medida contribui para assegurar a continuidade da destina\u00e7\u00e3o de recursos \u00e0 sa\u00fade p\u00fablica at\u00e9 o in\u00edcio da vig\u00eancia da Reforma Tribut\u00e1ria Nacional.<\/p>\n<p>A comiss\u00e3o tamb\u00e9m concentrou esfor\u00e7os para melhorias \u00e0 \u00e1rea social. O relat\u00f3rio destaca a derrubada do Veto Total n\u00ba 32\/2026, aposto ao projeto que concede isen\u00e7\u00e3o da Taxa de Seguran\u00e7a Contra Inc\u00eandio (TACIN) \u00e0 Associa\u00e7\u00e3o de Pais e Amigos dos Excepcionais (APAE) em Mato Grosso (<a href=\"https:\/\/www.al.mt.gov.br\/norma-juridica\/urn:lex:br;mato.grosso:estadual:lei.ordinaria:2026-07-06;13491\" target=\"_blank\" rel=\"noopener noreferrer\">Lei n\u00ba 13.491\/2026<\/a>).<\/p>\n<p>Al\u00e9m da an\u00e1lise de proposi\u00e7\u00f5es, a CFAEO acompanhou as contas p\u00fablicas, os instrumentos de planejamento e a execu\u00e7\u00e3o or\u00e7ament\u00e1ria de Mato Grosso. \u201cTivemos mais um semestre bastante produtivo. Para o segundo semestre, temos as audi\u00eancias p\u00fablicas das pe\u00e7as or\u00e7ament\u00e1rias, tanto da LDO quanto da LOA, e tamb\u00e9m das Metas F\u00edsicas e Metas Fiscais, conforme cronograma de audi\u00eancia p\u00fablica da Assembleia\u201d, disse o consultor do N\u00facleo Econ\u00f4mico, Ricardo Ara\u00fajo de Andrade.<\/p>\n<p><strong>Para o calend\u00e1rio do segundo semestre, j\u00e1 est\u00e3o previstas as seguintes atividades:\u00a0<\/strong><\/p>\n<p><strong>24\/09\u00a0<\/strong>&#8211; Audi\u00eancia p\u00fablica de apresenta\u00e7\u00e3o das Metas Fiscais &#8211; \u00a0Sefaz, referente ao 2\u00ba quadrimestre de 2026, \u00e0s 14h.<\/p>\n<p><strong>15\/10<\/strong>\u00a0&#8211; Audi\u00eancia p\u00fablica de apresenta\u00e7\u00e3o das Metas F\u00edsicas &#8211; Seplag, referente ao 1\u00ba semestre de 2026, \u00e0s 9h e \u00e0s 14h.<\/p>\n<p><strong>12\/11<\/strong>\u00a0\u2013 Lei Or\u00e7ament\u00e1ria Anual, \u00e0s 14h.<\/p>\n<p>&nbsp;<\/p>\n<p>&nbsp;<\/p>\n<p><a href=\"https:\/\/www.al.mt.gov.br\/midia\/texto\/cfaeo-apresenta-relatorio-de-atividades-e-reforca-acompanhamento-da-execucao-orcamentaria\/visualizar\">ALMT<\/a><\/p>\n","protected":false},"excerpt":{"rendered":"<p>No primeiro semestre de 2026, a Comiss\u00e3o de Fiscaliza\u00e7\u00e3o e Acompanhamento da Execu\u00e7\u00e3o Or\u00e7ament\u00e1ria (CFAEO) &hellip;<\/p>\n","protected":false},"author":4,"featured_media":104152,"comment_status":"closed","ping_status":"open","sticky":false,"template":"","format":"standard","meta":{"footnotes":""},"categories":[1],"tags":[],"class_list":["post-104151","post","type-post","status-publish","format-standard","has-post-thumbnail","hentry","category-cf-news"],"wps_subtitle":"Calend\u00e1rio do segundo semestre prev\u00ea debates sobre metas fiscais, metas f\u00edsicas e or\u00e7amento de 2027","_links":{"self":[{"href":"https:\/\/www.cfnews.com.br\/portal\/wp-json\/wp\/v2\/posts\/104151","targetHints":{"allow":["GET"]}}],"collection":[{"href":"https:\/\/www.cfnews.com.br\/portal\/wp-json\/wp\/v2\/posts"}],"about":[{"href":"https:\/\/www.cfnews.com.br\/portal\/wp-json\/wp\/v2\/types\/post"}],"author":[{"embeddable":true,"href":"https:\/\/www.cfnews.com.br\/portal\/wp-json\/wp\/v2\/users\/4"}],"replies":[{"embeddable":true,"href":"https:\/\/www.cfnews.com.br\/portal\/wp-json\/wp\/v2\/comments?post=104151"}],"version-history":[{"count":1,"href":"https:\/\/www.cfnews.com.br\/portal\/wp-json\/wp\/v2\/posts\/104151\/revisions"}],"predecessor-version":[{"id":104153,"href":"https:\/\/www.cfnews.com.br\/portal\/wp-json\/wp\/v2\/posts\/104151\/revisions\/104153"}],"wp:featuredmedia":[{"embeddable":true,"href":"https:\/\/www.cfnews.com.br\/portal\/wp-json\/wp\/v2\/media\/104152"}],"wp:attachment":[{"href":"https:\/\/www.cfnews.com.br\/portal\/wp-json\/wp\/v2\/media?parent=104151"}],"wp:term":[{"taxonomy":"category","embeddable":true,"href":"https:\/\/www.cfnews.com.br\/portal\/wp-json\/wp\/v2\/categories?post=104151"},{"taxonomy":"post_tag","embeddable":true,"href":"https:\/\/www.cfnews.com.br\/portal\/wp-json\/wp\/v2\/tags?post=104151"}],"curies":[{"name":"wp","href":"https:\/\/api.w.org\/{rel}","templated":true}]}}