{"id":104158,"date":"2026-08-31T14:30:51","date_gmt":"2026-08-31T18:30:51","guid":{"rendered":"https:\/\/www.cfnews.com.br\/portal\/?p=104158"},"modified":"2026-08-31T14:30:51","modified_gmt":"2026-08-31T18:30:51","slug":"mauro-minimiza-fidelidade-partidaria-e-defende-apoio-a-pivetta","status":"publish","type":"post","link":"https:\/\/www.cfnews.com.br\/portal\/mauro-minimiza-fidelidade-partidaria-e-defende-apoio-a-pivetta\/","title":{"rendered":"Mauro minimiza fidelidade partid\u00e1ria e defende apoio a Pivetta"},"content":{"rendered":"<p>O candidato ao Senado Mauro Mendes (Uni\u00e3o Brasil) minimizou a import\u00e2ncia da fidelidade partid\u00e1ria ao justificar o apoio ao candidato ao governo Otaviano Pivetta (Republicanos), apesar da posi\u00e7\u00e3o adotada por seu partido. Em entrevista ao programa Not\u00edcia de Frente, da TV Vila Real, ele afirmou: \u201cMelhor trair o partido do que trair o povo\u201d.<\/p>\n<p>Mauro disse que a principal fidelidade de um pol\u00edtico deve ser com a fam\u00edlia, Deus e os eleitores. Para ele, os partidos t\u00eam pouca influ\u00eancia sobre a escolha do eleitor, que estaria mais interessado no hist\u00f3rico e nas propostas dos candidatos do que nas legendas. \u201cO eleitor nunca me perguntou qual partido estou\u201d, afirmou.<\/p>\n<p>A declara\u00e7\u00e3o ocorre em meio \u00e0 forma\u00e7\u00e3o dos palanques para a elei\u00e7\u00e3o em Mato Grosso, marcada por diverg\u00eancias entre partidos e lideran\u00e7as. Mauro citou integrantes do MDB que apoiam Pivetta e questionou a repercuss\u00e3o dada \u00e0 sa\u00edda de pol\u00edticos de outras siglas de seus posicionamentos oficiais. \u201cE a turma do MDB que est\u00e1 com o Pivetta? Isso tem que noticiar tamb\u00e9m. Tem muita gente de outros partidos que est\u00e3o no apoio\u201d, disse.<\/p>\n<p>O ex-governador tamb\u00e9m defendeu sua posi\u00e7\u00e3o ap\u00f3s a disputa interna no Uni\u00e3o Brasil, em que Jayme Campos venceu Mauro por 30 votos a 19 na defini\u00e7\u00e3o sobre o apoio ao governo. Chamado de \u201ctraidor\u201d por integrantes da sigla, Mauro afirmou que teve liberdade para escolher seu candidato e disse ter sido apenas um dos 30 votos derrotados. \u201cQuem mandou no partido n\u00e3o foi Mauro Mendes. Ele perdeu por 30 a 19, fui apenas um voto dos 30. Democracia, isso faz parte\u201d, declarou.<\/p>\n","protected":false},"excerpt":{"rendered":"<p>O candidato ao Senado Mauro Mendes (Uni\u00e3o Brasil) minimizou a import\u00e2ncia da fidelidade partid\u00e1ria ao &hellip;<\/p>\n","protected":false},"author":4,"featured_media":104159,"comment_status":"closed","ping_status":"open","sticky":false,"template":"","format":"standard","meta":{"footnotes":""},"categories":[1],"tags":[],"class_list":["post-104158","post","type-post","status-publish","format-standard","has-post-thumbnail","hentry","category-cf-news"],"wps_subtitle":"","_links":{"self":[{"href":"https:\/\/www.cfnews.com.br\/portal\/wp-json\/wp\/v2\/posts\/104158","targetHints":{"allow":["GET"]}}],"collection":[{"href":"https:\/\/www.cfnews.com.br\/portal\/wp-json\/wp\/v2\/posts"}],"about":[{"href":"https:\/\/www.cfnews.com.br\/portal\/wp-json\/wp\/v2\/types\/post"}],"author":[{"embeddable":true,"href":"https:\/\/www.cfnews.com.br\/portal\/wp-json\/wp\/v2\/users\/4"}],"replies":[{"embeddable":true,"href":"https:\/\/www.cfnews.com.br\/portal\/wp-json\/wp\/v2\/comments?post=104158"}],"version-history":[{"count":1,"href":"https:\/\/www.cfnews.com.br\/portal\/wp-json\/wp\/v2\/posts\/104158\/revisions"}],"predecessor-version":[{"id":104160,"href":"https:\/\/www.cfnews.com.br\/portal\/wp-json\/wp\/v2\/posts\/104158\/revisions\/104160"}],"wp:featuredmedia":[{"embeddable":true,"href":"https:\/\/www.cfnews.com.br\/portal\/wp-json\/wp\/v2\/media\/104159"}],"wp:attachment":[{"href":"https:\/\/www.cfnews.com.br\/portal\/wp-json\/wp\/v2\/media?parent=104158"}],"wp:term":[{"taxonomy":"category","embeddable":true,"href":"https:\/\/www.cfnews.com.br\/portal\/wp-json\/wp\/v2\/categories?post=104158"},{"taxonomy":"post_tag","embeddable":true,"href":"https:\/\/www.cfnews.com.br\/portal\/wp-json\/wp\/v2\/tags?post=104158"}],"curies":[{"name":"wp","href":"https:\/\/api.w.org\/{rel}","templated":true}]}}