{"id":104167,"date":"2026-08-31T14:35:01","date_gmt":"2026-08-31T18:35:01","guid":{"rendered":"https:\/\/www.cfnews.com.br\/portal\/?p=104167"},"modified":"2026-08-31T14:35:01","modified_gmt":"2026-08-31T18:35:01","slug":"agro-deve-movimentar-r-313-trilhoes-em-2026","status":"publish","type":"post","link":"https:\/\/www.cfnews.com.br\/portal\/agro-deve-movimentar-r-313-trilhoes-em-2026\/","title":{"rendered":"Agro deve movimentar R$ 3,13 trilh\u00f5es em 2026"},"content":{"rendered":"<p>O agroneg\u00f3cio brasileiro deve movimentar R$ 3,13 trilh\u00f5es em 2026 e representar 22,8% da economia do pa\u00eds, segundo proje\u00e7\u00e3o do Cepea (Centro de Estudos Avan\u00e7ados em Economia Aplicada), da Esalq\/USP, em parceria com a CNA (Confedera\u00e7\u00e3o da Agricultura e Pecu\u00e1ria do Brasil). O valor considera toda a cadeia, dos insumos e produ\u00e7\u00e3o rural \u00e0 ind\u00fastria e aos servi\u00e7os.<\/p>\n<p>A estimativa, por\u00e9m, indica um ano de acomoda\u00e7\u00e3o ap\u00f3s o crescimento superior a 12% registrado em 2025. A pecu\u00e1ria deve avan\u00e7ar 2,8%, para R$ 1,25 trilh\u00e3o, enquanto a agricultura pode recuar 13,7%, para cerca de R$ 1,88 trilh\u00e3o. Na produ\u00e7\u00e3o agr\u00edcola dentro das propriedades, a retra\u00e7\u00e3o projetada chega a 21%.<\/p>\n<p>A queda da agricultura n\u00e3o significa necessariamente menor produ\u00e7\u00e3o. A redu\u00e7\u00e3o dos pre\u00e7os de produtos agr\u00edcolas e o aumento dos custos diminuem o valor gerado pela cadeia, mesmo com safras elevadas. J\u00e1 a pecu\u00e1ria deve ser favorecida pela bovinocultura de corte e pelo desempenho da agroind\u00fastria e dos servi\u00e7os, com avan\u00e7os projetados de 7,9% e 7,6%, respectivamente.<\/p>\n<p>O cen\u00e1rio refor\u00e7a a import\u00e2ncia de aumentar a efici\u00eancia e agregar valor \u00e0 produ\u00e7\u00e3o, especialmente com o in\u00edcio da safra 2026\/27. A expans\u00e3o do processamento de soja, dos biocombust\u00edveis e da produ\u00e7\u00e3o de ra\u00e7\u00f5es amplia a integra\u00e7\u00e3o entre agricultura e pecu\u00e1ria, enquanto juros, custos e endividamento seguem como desafios. Mesmo em um ano de ajuste, o setor deve continuar respondendo por quase um quarto da economia brasileira.<\/p>\n","protected":false},"excerpt":{"rendered":"<p>O agroneg\u00f3cio brasileiro deve movimentar R$ 3,13 trilh\u00f5es em 2026 e representar 22,8% da economia &hellip;<\/p>\n","protected":false},"author":4,"featured_media":104168,"comment_status":"closed","ping_status":"open","sticky":false,"template":"","format":"standard","meta":{"footnotes":""},"categories":[48],"tags":[],"class_list":["post-104167","post","type-post","status-publish","format-standard","has-post-thumbnail","hentry","category-agro_cfnews"],"wps_subtitle":"","_links":{"self":[{"href":"https:\/\/www.cfnews.com.br\/portal\/wp-json\/wp\/v2\/posts\/104167","targetHints":{"allow":["GET"]}}],"collection":[{"href":"https:\/\/www.cfnews.com.br\/portal\/wp-json\/wp\/v2\/posts"}],"about":[{"href":"https:\/\/www.cfnews.com.br\/portal\/wp-json\/wp\/v2\/types\/post"}],"author":[{"embeddable":true,"href":"https:\/\/www.cfnews.com.br\/portal\/wp-json\/wp\/v2\/users\/4"}],"replies":[{"embeddable":true,"href":"https:\/\/www.cfnews.com.br\/portal\/wp-json\/wp\/v2\/comments?post=104167"}],"version-history":[{"count":1,"href":"https:\/\/www.cfnews.com.br\/portal\/wp-json\/wp\/v2\/posts\/104167\/revisions"}],"predecessor-version":[{"id":104169,"href":"https:\/\/www.cfnews.com.br\/portal\/wp-json\/wp\/v2\/posts\/104167\/revisions\/104169"}],"wp:featuredmedia":[{"embeddable":true,"href":"https:\/\/www.cfnews.com.br\/portal\/wp-json\/wp\/v2\/media\/104168"}],"wp:attachment":[{"href":"https:\/\/www.cfnews.com.br\/portal\/wp-json\/wp\/v2\/media?parent=104167"}],"wp:term":[{"taxonomy":"category","embeddable":true,"href":"https:\/\/www.cfnews.com.br\/portal\/wp-json\/wp\/v2\/categories?post=104167"},{"taxonomy":"post_tag","embeddable":true,"href":"https:\/\/www.cfnews.com.br\/portal\/wp-json\/wp\/v2\/tags?post=104167"}],"curies":[{"name":"wp","href":"https:\/\/api.w.org\/{rel}","templated":true}]}}