{"id":104179,"date":"2026-09-02T09:17:42","date_gmt":"2026-09-02T13:17:42","guid":{"rendered":"https:\/\/www.cfnews.com.br\/portal\/?p=104179"},"modified":"2026-09-03T09:23:12","modified_gmt":"2026-09-03T13:23:12","slug":"cidade-no-rio-grande-do-sul-abriga-maior-jazida-de-ametista-do-mundo-e-igreja-com-mais-de-40-toneladas-de-pedras-preciosas","status":"publish","type":"post","link":"https:\/\/www.cfnews.com.br\/portal\/cidade-no-rio-grande-do-sul-abriga-maior-jazida-de-ametista-do-mundo-e-igreja-com-mais-de-40-toneladas-de-pedras-preciosas\/","title":{"rendered":"Cidade no Rio Grande do Sul abriga maior jazida de ametista do mundo e igreja com mais de 40 toneladas de pedras preciosas"},"content":{"rendered":"<h3 class=\"text-lg font-normal group-[.isActiveSource]:text-xl\" data-single-excerpt=\"true\">iqueza mineral sustenta o nome, a economia e o turismo da regi\u00e3o no noroeste do estado<\/h3>\n<p>&nbsp;<\/p>\n<p class=\"my-5 break-words group-[.isActiveSource]:text-xl paragraph_blur_0\">A pouco mais de 400km de Porto Alegre, capital do Rio Grande do Sul, existe uma cidade que mais se parece com uma joia preciosa.\u00a0Ametista do Sul, conhecida pela riqueza mineral que sustenta o nome, a economia e o turismo da regi\u00e3o, que abriga quase 8 mil habitantes, atrai olhares de diferentes partes do mundo.<\/p>\n<p class=\"wp-block-paragraph my-5 break-words group-[.isActiveSource]:text-xl\">Segundo a Secretaria de Turismo do Rio Grande do Sul, Ametista do Sul est\u00e1 localizada sobre a maior jazida de pedra ametista do mundo. Dentre os pontos mais famosos de Ametista do Sul, est\u00e3o a\u00a0Igreja Matriz de S\u00e3o Gabriel, que \u00e9 revestida por 40 toneladas de Pedras Ametistas, e o\u00a0Ametista Parque Museu, com mais de 1.500 exemplares de minerais em exposi\u00e7\u00e3o.<\/p>\n<p class=\"wp-block-paragraph my-5 break-words group-[.isActiveSource]:text-xl\">Lojas de joias, artesanatos, degusta\u00e7\u00e3o de bebidas, passeio por galerias subterr\u00e2neas e um mirante com vista panor\u00e2mica de garimpos ativos na cidade tamb\u00e9m comp\u00f5e as op\u00e7\u00f5es para quem deseja conhecer a cidade.<\/p>\n<h2 class=\"text-2xl my-5 font-bold break-words\">Como as pedras preciosas foram descobertas?<\/h2>\n<p class=\"my-5 break-words group-[.isActiveSource]:text-xl\">O territ\u00f3rio, que antes era habitado pela tribo ind\u00edgena Kaingang, come\u00e7ou a ser colonizado no in\u00edcio do s\u00e9culo XX por pessoas oriundas dos munic\u00edpios de Palmeira das Miss\u00f5es e Santa B\u00e1rbara.<\/p>\n<p class=\"my-5 break-words group-[.isActiveSource]:text-xl\">Na d\u00e9cada de 1940, pessoas vindas da regi\u00e3o de Caxias do Sul tamb\u00e9m passaram a residir nesta localidade, dedicando-se inicialmente a agropecu\u00e1ria. Esses imigrantes trouxeram consigo a religiosidade, demonstrada pela imagem do Arcanjo S\u00e3o Gabriel. Nesse per\u00edodo, por conta da devo\u00e7\u00e3o, o local recebeu o nome do mensageiro divino.<\/p>\n<p class=\"my-5 break-words group-[.isActiveSource]:text-xl\">Foi tamb\u00e9m naquela d\u00e9cada que foram descobertas as\u00a0<strong class=\"group-[.isActiveSource]:text-xl group-[.isActiveSource]:font-bold\">primeiras pedras semipreciosas<\/strong>\u00a0da cidade, inicialmente localizadas junto as ra\u00edzes das \u00e1rvores, encostas dos c\u00f3rregos e nas lavouras. Logo iniciou-se a explora\u00e7\u00e3o mineral, principalmente de pedra ametista (origem do nome atual do munic\u00edpio), o que atraiu mais pessoas para a cidade.<\/p>\n<p class=\"my-5 break-words group-[.isActiveSource]:text-xl\">Em 1970, empresas exportadoras come\u00e7aram a investir na regi\u00e3o, com a explora\u00e7\u00e3o avan\u00e7ando de po\u00e7os a t\u00faneis de quil\u00f4metros de extens\u00e3o.\u00a0Em 2013 a pedra\u00a0<strong class=\"group-[.isActiveSource]:text-xl group-[.isActiveSource]:font-bold\">ametista\u00a0foi escolhida<\/strong>\u00a0para ser o mineral s\u00edmbolo do Rio Grande do Sul, devido a import\u00e2ncia desta pedra para o estado, trazendo orgulho para os moradores.<\/p>\n<h2 class=\"text-2xl my-5 font-bold break-words\">Igreja Matriz de S\u00e3o Gabriel<\/h2>\n<p class=\"my-5 break-words group-[.isActiveSource]:text-xl\">A Igreja Matriz S\u00e3o Gabriel, principal ponto tur\u00edstico de Ametisa do Sul, \u00e9 a \u00fanica no mundo revestida em Pedras Ametistas. S\u00e3o mais de 40 toneladas de pedras no enterno da igreja, decorada com pinturas que retratam passagens b\u00edblicas e uma pia batismal formada por um \u00fanico geodo, pesando 500 quilos.<\/p>\n<p class=\"my-5 break-words group-[.isActiveSource]:text-xl\">Tamb\u00e9m \u00e9 poss\u00edvel contemplar as belezas da cria\u00e7\u00e3o de algumas esp\u00e9cies de aves e flores na parte de fora da igreja. S\u00e3o mais de 500 variedades de plantas que embelezam a paisagem nos jardins da par\u00f3quia.<\/p>\n<p>&nbsp;<\/p>\n<p><em><strong>Da CNN Brasil.<\/strong><\/em><\/p>\n","protected":false},"excerpt":{"rendered":"<p>iqueza mineral sustenta o nome, a economia e o turismo da regi\u00e3o no noroeste do &hellip;<\/p>\n","protected":false},"author":4,"featured_media":104180,"comment_status":"closed","ping_status":"open","sticky":false,"template":"","format":"standard","meta":{"footnotes":""},"categories":[176],"tags":[],"class_list":["post-104179","post","type-post","status-publish","format-standard","has-post-thumbnail","hentry","category-geral"],"wps_subtitle":"","_links":{"self":[{"href":"https:\/\/www.cfnews.com.br\/portal\/wp-json\/wp\/v2\/posts\/104179","targetHints":{"allow":["GET"]}}],"collection":[{"href":"https:\/\/www.cfnews.com.br\/portal\/wp-json\/wp\/v2\/posts"}],"about":[{"href":"https:\/\/www.cfnews.com.br\/portal\/wp-json\/wp\/v2\/types\/post"}],"author":[{"embeddable":true,"href":"https:\/\/www.cfnews.com.br\/portal\/wp-json\/wp\/v2\/users\/4"}],"replies":[{"embeddable":true,"href":"https:\/\/www.cfnews.com.br\/portal\/wp-json\/wp\/v2\/comments?post=104179"}],"version-history":[{"count":1,"href":"https:\/\/www.cfnews.com.br\/portal\/wp-json\/wp\/v2\/posts\/104179\/revisions"}],"predecessor-version":[{"id":104181,"href":"https:\/\/www.cfnews.com.br\/portal\/wp-json\/wp\/v2\/posts\/104179\/revisions\/104181"}],"wp:featuredmedia":[{"embeddable":true,"href":"https:\/\/www.cfnews.com.br\/portal\/wp-json\/wp\/v2\/media\/104180"}],"wp:attachment":[{"href":"https:\/\/www.cfnews.com.br\/portal\/wp-json\/wp\/v2\/media?parent=104179"}],"wp:term":[{"taxonomy":"category","embeddable":true,"href":"https:\/\/www.cfnews.com.br\/portal\/wp-json\/wp\/v2\/categories?post=104179"},{"taxonomy":"post_tag","embeddable":true,"href":"https:\/\/www.cfnews.com.br\/portal\/wp-json\/wp\/v2\/tags?post=104179"}],"curies":[{"name":"wp","href":"https:\/\/api.w.org\/{rel}","templated":true}]}}