{"id":104182,"date":"2026-09-03T09:27:46","date_gmt":"2026-09-03T13:27:46","guid":{"rendered":"https:\/\/www.cfnews.com.br\/portal\/?p=104182"},"modified":"2026-09-03T09:27:46","modified_gmt":"2026-09-03T13:27:46","slug":"botelho-desmente-pivetta-sobre-fim-de-desconto-de-aposentados","status":"publish","type":"post","link":"https:\/\/www.cfnews.com.br\/portal\/botelho-desmente-pivetta-sobre-fim-de-desconto-de-aposentados\/","title":{"rendered":"Botelho desmente Pivetta sobre fim de desconto de aposentados"},"content":{"rendered":"<p>O deputado estadual Eduardo Botelho (MDB) desmentiu nesta quarta-feira (2) a declara\u00e7\u00e3o do governador e candidato \u00e0 reelei\u00e7\u00e3o, Otaviano Pivetta (Republicanos), de que a cobran\u00e7a previdenci\u00e1ria de 14% sobre servidores aposentados e pensionistas de Mato Grosso teria sido extinta. Segundo Botelho, o desconto continua sendo aplicado, com isen\u00e7\u00e3o apenas para quem recebe at\u00e9 tr\u00eas sal\u00e1rios m\u00ednimos.<\/p>\n<p>A afirma\u00e7\u00e3o de Pivetta ocorreu durante debate da TV Vila Real, na ter\u00e7a-feira (1\u00ba), em resposta \u00e0 jornalista Luciana Gaviglia, sobre a manuten\u00e7\u00e3o da contribui\u00e7\u00e3o previdenci\u00e1ria. \u201cEssa al\u00edquota foi eliminada com essa lei, Luciana\u201d, disse o candidato. A cobran\u00e7a, por\u00e9m, segue prevista na legisla\u00e7\u00e3o estadual e propostas para alterar a regra, como o projeto apresentado pela deputada Janaina Riva (MDB), ainda n\u00e3o foram aprovadas.<\/p>\n<p>Botelho afirmou que a Assembleia Legislativa precisa reavaliar a medida e classificou o desconto como \u201cmuito cruel\u201d para os aposentados. Apesar de divergir do governador, o deputado evitou tratar a declara\u00e7\u00e3o como uma falha grave e atribuiu o epis\u00f3dio a um poss\u00edvel problema de orienta\u00e7\u00e3o t\u00e9cnica. \u201cEu acredito que tem que cobrar dos candidatos que todos fa\u00e7am esse compromisso de rever essa quest\u00e3o dos aposentados\u201d, afirmou.<\/p>\n<p>O parlamentar tamb\u00e9m disse que o governo n\u00e3o pode encaminhar uma proposta sobre o tema neste momento, em raz\u00e3o das restri\u00e7\u00f5es legais do per\u00edodo eleitoral. Para Botelho, a revis\u00e3o da cobran\u00e7a dever\u00e1 ser discutida posteriormente pela Assembleia e pelo pr\u00f3ximo governo. \u201c\u00c9 um compromisso que tem que ser feito e rever essa quest\u00e3o que \u00e9 muito cruel mesmo\u201d, concluiu.<\/p>\n","protected":false},"excerpt":{"rendered":"<p>O deputado estadual Eduardo Botelho (MDB) desmentiu nesta quarta-feira (2) a declara\u00e7\u00e3o do governador e &hellip;<\/p>\n","protected":false},"author":4,"featured_media":104183,"comment_status":"closed","ping_status":"open","sticky":false,"template":"","format":"standard","meta":{"footnotes":""},"categories":[1],"tags":[],"class_list":["post-104182","post","type-post","status-publish","format-standard","has-post-thumbnail","hentry","category-cf-news"],"wps_subtitle":"","_links":{"self":[{"href":"https:\/\/www.cfnews.com.br\/portal\/wp-json\/wp\/v2\/posts\/104182","targetHints":{"allow":["GET"]}}],"collection":[{"href":"https:\/\/www.cfnews.com.br\/portal\/wp-json\/wp\/v2\/posts"}],"about":[{"href":"https:\/\/www.cfnews.com.br\/portal\/wp-json\/wp\/v2\/types\/post"}],"author":[{"embeddable":true,"href":"https:\/\/www.cfnews.com.br\/portal\/wp-json\/wp\/v2\/users\/4"}],"replies":[{"embeddable":true,"href":"https:\/\/www.cfnews.com.br\/portal\/wp-json\/wp\/v2\/comments?post=104182"}],"version-history":[{"count":2,"href":"https:\/\/www.cfnews.com.br\/portal\/wp-json\/wp\/v2\/posts\/104182\/revisions"}],"predecessor-version":[{"id":104185,"href":"https:\/\/www.cfnews.com.br\/portal\/wp-json\/wp\/v2\/posts\/104182\/revisions\/104185"}],"wp:featuredmedia":[{"embeddable":true,"href":"https:\/\/www.cfnews.com.br\/portal\/wp-json\/wp\/v2\/media\/104183"}],"wp:attachment":[{"href":"https:\/\/www.cfnews.com.br\/portal\/wp-json\/wp\/v2\/media?parent=104182"}],"wp:term":[{"taxonomy":"category","embeddable":true,"href":"https:\/\/www.cfnews.com.br\/portal\/wp-json\/wp\/v2\/categories?post=104182"},{"taxonomy":"post_tag","embeddable":true,"href":"https:\/\/www.cfnews.com.br\/portal\/wp-json\/wp\/v2\/tags?post=104182"}],"curies":[{"name":"wp","href":"https:\/\/api.w.org\/{rel}","templated":true}]}}