{"id":104184,"date":"2026-09-01T13:57:28","date_gmt":"2026-09-01T17:57:28","guid":{"rendered":"https:\/\/www.cfnews.com.br\/portal\/?p=104184"},"modified":"2026-09-01T13:57:28","modified_gmt":"2026-09-01T17:57:28","slug":"aurelio-rene-arrais-e-promovido-a-procurador-de-justica-pelo-csmp","status":"publish","type":"post","link":"https:\/\/www.cfnews.com.br\/portal\/aurelio-rene-arrais-e-promovido-a-procurador-de-justica-pelo-csmp\/","title":{"rendered":"Aur\u00e9lio Ren\u00e9 Arrais \u00e9 promovido a procurador de Justi\u00e7a pelo CSMP"},"content":{"rendered":"<p>O Conselho Superior do Minist\u00e9rio P\u00fablico de Mato Grosso (CSMP) promoveu, nesta ter\u00e7a-feira (1\u00ba), o promotor de Justi\u00e7a Aur\u00e9lio Ren\u00e9 Arrais ao cargo de procurador de Justi\u00e7a, pelo crit\u00e9rio de antiguidade. O novo procurador assumir\u00e1 a 17\u00aa Procuradoria de Justi\u00e7a (C\u00edvel). A promo\u00e7\u00e3o foi concedida por unanimidade.<br \/>\nAur\u00e9lio Ren\u00e9 Arrais tomar\u00e1 posse no cargo de procurador de Justi\u00e7a nesta tarde, no gabinete do procurador-geral de Justi\u00e7a, na sede da Procuradoria-Geral de Justi\u00e7a, em Cuiab\u00e1, e entrar\u00e1 em exerc\u00edcio na quarta-feira (2). O referendo pelo egr\u00e9gio Col\u00e9gio de Procuradores de Justi\u00e7a ocorrer\u00e1 na quinta-feira (3), e o ato solene de posse ser\u00e1 realizado em data a ser definida.<\/p>\n<p>\u201cDesde 1995 tenho a honra de integrar esta institui\u00e7\u00e3o, que \u00e9 incumbida da defesa do regime democr\u00e1tico e dos interesses sociais e individuais indispon\u00edveis. Agora como procurador de Justi\u00e7a reafirmo o meu compromisso com o Minist\u00e9rio P\u00fablico na defesa do regime democr\u00e1tico e dos interesses sociais previstos na Constitui\u00e7\u00e3o da Rep\u00fablica Federativa do Brasil\u201d, declarou.<\/p>\n<p>Ao todo, 13 promotores de Justi\u00e7a do Minist\u00e9rio P\u00fablico de Mato Grosso se inscreveram no Edital de Promo\u00e7\u00e3o n\u00ba 243\/2026-CSMP e concorreram \u00e0 vaga.<\/p>\n<p><a href=\"https:\/\/www.mpmt.mp.br\/conteudo\/58\/179589\/aurelio-rene-arrais-e-promovido-a-procurador-de-justica-pelo-csmp#00447192-f663-4449-8975-b01e1c050dcf\" target=\"_blank\" rel=\"noopener\">Minist\u00e9rio P\u00fablico MT \u2013 MT<\/a><\/p>\n","protected":false},"excerpt":{"rendered":"<p>O Conselho Superior do Minist\u00e9rio P\u00fablico de Mato Grosso (CSMP) promoveu, nesta ter\u00e7a-feira (1\u00ba), o &hellip;<\/p>\n","protected":false},"author":4,"featured_media":104185,"comment_status":"closed","ping_status":"open","sticky":false,"template":"","format":"standard","meta":{"footnotes":""},"categories":[176],"tags":[],"class_list":["post-104184","post","type-post","status-publish","format-standard","has-post-thumbnail","hentry","category-geral"],"wps_subtitle":"","_links":{"self":[{"href":"https:\/\/www.cfnews.com.br\/portal\/wp-json\/wp\/v2\/posts\/104184","targetHints":{"allow":["GET"]}}],"collection":[{"href":"https:\/\/www.cfnews.com.br\/portal\/wp-json\/wp\/v2\/posts"}],"about":[{"href":"https:\/\/www.cfnews.com.br\/portal\/wp-json\/wp\/v2\/types\/post"}],"author":[{"embeddable":true,"href":"https:\/\/www.cfnews.com.br\/portal\/wp-json\/wp\/v2\/users\/4"}],"replies":[{"embeddable":true,"href":"https:\/\/www.cfnews.com.br\/portal\/wp-json\/wp\/v2\/comments?post=104184"}],"version-history":[{"count":1,"href":"https:\/\/www.cfnews.com.br\/portal\/wp-json\/wp\/v2\/posts\/104184\/revisions"}],"predecessor-version":[{"id":104186,"href":"https:\/\/www.cfnews.com.br\/portal\/wp-json\/wp\/v2\/posts\/104184\/revisions\/104186"}],"wp:featuredmedia":[{"embeddable":true,"href":"https:\/\/www.cfnews.com.br\/portal\/wp-json\/wp\/v2\/media\/104185"}],"wp:attachment":[{"href":"https:\/\/www.cfnews.com.br\/portal\/wp-json\/wp\/v2\/media?parent=104184"}],"wp:term":[{"taxonomy":"category","embeddable":true,"href":"https:\/\/www.cfnews.com.br\/portal\/wp-json\/wp\/v2\/categories?post=104184"},{"taxonomy":"post_tag","embeddable":true,"href":"https:\/\/www.cfnews.com.br\/portal\/wp-json\/wp\/v2\/tags?post=104184"}],"curies":[{"name":"wp","href":"https:\/\/api.w.org\/{rel}","templated":true}]}}