{"id":104186,"date":"2026-09-03T09:28:31","date_gmt":"2026-09-03T13:28:31","guid":{"rendered":"https:\/\/www.cfnews.com.br\/portal\/?p=104186"},"modified":"2026-09-03T09:28:31","modified_gmt":"2026-09-03T13:28:31","slug":"max-defende-condominios-para-idosos-em-mt","status":"publish","type":"post","link":"https:\/\/www.cfnews.com.br\/portal\/max-defende-condominios-para-idosos-em-mt\/","title":{"rendered":"Max defende condom\u00ednios para idosos em MT"},"content":{"rendered":"<p>O presidente da Assembleia Legislativa de Mato Grosso (ALMT), Max Russi (Podemos), defendeu a expans\u00e3o de condom\u00ednios p\u00fablicos destinados exclusivamente a idosos e afirmou que pretende levar o modelo da Vila Aconchego, em Jaciara, para outros munic\u00edpios do estado. O residencial foi inaugurado em julho e re\u00fane 54 casas gratuitas, adaptadas e mobiliadas para pessoas a partir dos 60 anos em situa\u00e7\u00e3o de vulnerabilidade.<\/p>\n<p>O empreendimento foi viabilizado por meio de parceria entre a Prefeitura de Jaciara e o Governo de Mato Grosso, com investimento de cerca de R$ 13,5 milh\u00f5es. Al\u00e9m das moradias, o espa\u00e7o conta com ambulat\u00f3rio, piscina, academia e \u00e1reas de conviv\u00eancia. Para Max, o aumento da expectativa de vida precisa vir acompanhado de pol\u00edticas que garantam moradia e qualidade de vida \u00e0 popula\u00e7\u00e3o idosa.<\/p>\n<p>\u201cN\u00f3s precisamos dessa pol\u00edtica p\u00fablica. Eu vou defender isso, esse \u00e9 o primeiro do estado. A melhor idade precisa ser cuidada. \u00c9 muito ruim voc\u00ea escutar um depoimento de uma senhora de 64 anos e ela falar que o sonho dela era um dia ter uma casa e n\u00e3o tem\u201d, afirmou. A ideia do projeto surgiu quando Max ainda era prefeito de Jaciara, mas s\u00f3 avan\u00e7ou anos depois, ap\u00f3s articula\u00e7\u00f5es feitas por ele como deputado estadual.<\/p>\n<p>Um dos diferenciais do modelo \u00e9 que as casas n\u00e3o s\u00e3o transferidas aos benefici\u00e1rios. Quando uma unidade fica desocupada, ela \u00e9 destinada a outro idoso que cumpra os crit\u00e9rios do programa. \u201cN\u00e3o passa do pai para filho, \u00e9 outro idoso que vai para l\u00e1. Ent\u00e3o, \u00e9 um projeto diferente, \u00e9 um projeto \u00fanico e a gente precisa ampliar sim\u201d, disse Max. Para viabilizar novos empreendimentos, ele defende a uni\u00e3o de recursos da bancada federal, da Assembleia e do Governo do Estado.<\/p>\n","protected":false},"excerpt":{"rendered":"<p>O presidente da Assembleia Legislativa de Mato Grosso (ALMT), Max Russi (Podemos), defendeu a expans\u00e3o &hellip;<\/p>\n","protected":false},"author":4,"featured_media":104187,"comment_status":"closed","ping_status":"open","sticky":false,"template":"","format":"standard","meta":{"footnotes":""},"categories":[1],"tags":[],"class_list":["post-104186","post","type-post","status-publish","format-standard","has-post-thumbnail","hentry","category-cf-news"],"wps_subtitle":"","_links":{"self":[{"href":"https:\/\/www.cfnews.com.br\/portal\/wp-json\/wp\/v2\/posts\/104186","targetHints":{"allow":["GET"]}}],"collection":[{"href":"https:\/\/www.cfnews.com.br\/portal\/wp-json\/wp\/v2\/posts"}],"about":[{"href":"https:\/\/www.cfnews.com.br\/portal\/wp-json\/wp\/v2\/types\/post"}],"author":[{"embeddable":true,"href":"https:\/\/www.cfnews.com.br\/portal\/wp-json\/wp\/v2\/users\/4"}],"replies":[{"embeddable":true,"href":"https:\/\/www.cfnews.com.br\/portal\/wp-json\/wp\/v2\/comments?post=104186"}],"version-history":[{"count":1,"href":"https:\/\/www.cfnews.com.br\/portal\/wp-json\/wp\/v2\/posts\/104186\/revisions"}],"predecessor-version":[{"id":104188,"href":"https:\/\/www.cfnews.com.br\/portal\/wp-json\/wp\/v2\/posts\/104186\/revisions\/104188"}],"wp:featuredmedia":[{"embeddable":true,"href":"https:\/\/www.cfnews.com.br\/portal\/wp-json\/wp\/v2\/media\/104187"}],"wp:attachment":[{"href":"https:\/\/www.cfnews.com.br\/portal\/wp-json\/wp\/v2\/media?parent=104186"}],"wp:term":[{"taxonomy":"category","embeddable":true,"href":"https:\/\/www.cfnews.com.br\/portal\/wp-json\/wp\/v2\/categories?post=104186"},{"taxonomy":"post_tag","embeddable":true,"href":"https:\/\/www.cfnews.com.br\/portal\/wp-json\/wp\/v2\/tags?post=104186"}],"curies":[{"name":"wp","href":"https:\/\/api.w.org\/{rel}","templated":true}]}}