{"id":104187,"date":"2026-09-01T14:52:06","date_gmt":"2026-09-01T18:52:06","guid":{"rendered":"https:\/\/www.cfnews.com.br\/portal\/?p=104187"},"modified":"2026-09-01T14:52:06","modified_gmt":"2026-09-01T18:52:06","slug":"festeja-sinop-movimenta-economia-e-fortalece-comercio-local","status":"publish","type":"post","link":"https:\/\/www.cfnews.com.br\/portal\/festeja-sinop-movimenta-economia-e-fortalece-comercio-local\/","title":{"rendered":"Festeja Sinop movimenta economia e fortalece com\u00e9rcio local"},"content":{"rendered":"<p>O Festeja Sinop 2026 movimenta diferentes setores da economia local com uma programa\u00e7\u00e3o que re\u00fane shows regionais e nacionais, atividades esportivas, eventos religiosos e outras atra\u00e7\u00f5es. Promovido pela Prefeitura de Sinop em celebra\u00e7\u00e3o aos 52 anos de funda\u00e7\u00e3o do munic\u00edpio, o evento amplia o fluxo de pessoas e cria oportunidades para segmentos como com\u00e9rcio, alimenta\u00e7\u00e3o, hotelaria, transporte e presta\u00e7\u00e3o de servi\u00e7os.<\/p>\n<p>&nbsp;<\/p>\n<p>A realiza\u00e7\u00e3o das atividades em diferentes pontos da cidade tamb\u00e9m contribui para a circula\u00e7\u00e3o de moradores e visitantes. A programa\u00e7\u00e3o inclui atra\u00e7\u00f5es no Est\u00e1dio Municipal Massami Uri\u00fa (Gigante do Norte), na Praia do Cortado e em outros espa\u00e7os p\u00fablicos, com eventos at\u00e9 14 de setembro.<\/p>\n<p>Durante a abertura, o prefeito de Sinop, Roberto Dorner, destacou a rela\u00e7\u00e3o entre a realiza\u00e7\u00e3o do Festeja e o fortalecimento da economia. \u201cQuando esse evento acontece todos os anos, a economia da cidade aquece. Ele faz com que o nosso p\u00fablico, que tem lojas, restaurantes, postos de gasolina, shopping e diversos outros estabelecimentos, tenha movimento e todos ganhem com isso. O Festeja contribui muito para a economia da nossa cidade\u201d, afirmou.<\/p>\n<p>Segundo o secret\u00e1rio municipal de Governo e Planejamento Estrat\u00e9gico, Klayton Gon\u00e7alves, o impacto econ\u00f4mico come\u00e7a antes mesmo dos eventos, com a contrata\u00e7\u00e3o de servi\u00e7os e a prepara\u00e7\u00e3o das estruturas. \u201cAl\u00e9m da parte cultural e esportiva, o Festeja tamb\u00e9m envolve a parte econ\u00f4mica. S\u00f3 para a montagem das estruturas no Gigante do Norte e na Praia do Cortado, diversos empregos s\u00e3o gerados. Temos pessoas que atuam na montagem do palco, no som e nas estruturas, al\u00e9m do movimento nos hot\u00e9is e no com\u00e9rcio\u201d, explicou.<\/p>\n<p>O secret\u00e1rio tamb\u00e9m ressaltou o papel do turismo de eventos na economia de Sinop. \u201cO turismo \u00e9 uma fonte muito forte de neg\u00f3cios, com mais de 70 ramos de atividades envolvidos. Para cada real investido em eventos, existe uma proje\u00e7\u00e3o de retorno de sete reais. Isso movimenta o munic\u00edpio. Sinop j\u00e1 recebe muitos visitantes por causa do turismo de neg\u00f3cios e agora tamb\u00e9m fortalece o turismo de eventos. Esse movimento atrai pessoas e beneficia o com\u00e9rcio local\u201d, disse.<\/p>\n<p>Para o presidente da Uni\u00e3o das Entidades de Sinop (Unesin), Luiz Fernando Aranda, os efeitos do Festeja alcan\u00e7am diferentes \u00e1reas da cidade. \u201cO Festeja Sinop agrega em v\u00e1rios sentidos para a popula\u00e7\u00e3o sinopense. Temos o desenvolvimento do com\u00e9rcio, do turismo, da educa\u00e7\u00e3o, da cultura e do esporte. \u00c9 uma movimenta\u00e7\u00e3o em prol da popula\u00e7\u00e3o, pela popula\u00e7\u00e3o e para a nossa cidade. As 32 entidades que comp\u00f5em a Unesin veem isso com bons olhos e parabenizam a Prefeitura e o prefeito pela idealiza\u00e7\u00e3o e pela execu\u00e7\u00e3o do Festeja Sinop\u201d, disse.<\/p>\n<p>A programa\u00e7\u00e3o do Festeja Sinop segue nesta sexta-feira (4), \u00e0s 20h, com shows regionais e apresenta\u00e7\u00e3o nacional de Edson &amp; Hudson, no Gigante do Norte. No s\u00e1bado (5), a Praia do Cortado recebe, a partir das 7h, o Torneio de Pesca na categoria Caiaques, \u00e0s 8h o Banho Assistido e, \u00e0s 9h, o Festival de Praia com artistas regionais. No domingo (6), \u00e0s 7h, ocorre o Torneio de Pesca na categoria Barcos e, \u00e0s 9h, o Festival de Praia com shows regionais.<\/p>\n<p>Na segunda-feira (7), feriado nacional, a programa\u00e7\u00e3o come\u00e7a \u00e0s 7h15, com o Ciclo Festeja, da Estrada Nanci at\u00e9 a Praia do Cortado. \u00c0s 9h, h\u00e1 shows regionais no Festival de Praia. \u00c0s 17h30, ocorre o Desfile C\u00edvico e Festivo, na Avenida Dom Henrique Froehlich. \u00c0s 19h, a Marcha para Jesus sai da Pra\u00e7a da B\u00edblia com destino ao Gigante do Norte, onde, \u00e0s 20h30, ocorre o show gospel de Maria Mar\u00e7al.<\/p>\n<div class=\"ntc_cont_descricao_noticia sw_txteditor\">\n<p>A programa\u00e7\u00e3o retorna no dia 12 de setembro, com Festival de Praia \u00e0s 8h e shows nacionais de J\u00fanior Marra, \u00e0s 13h, e Nilson Neto, \u00e0s 15h. No dia 13, o Festival de Praia come\u00e7a \u00e0s 8h, seguido pelo show de Xanddy Harmonia, \u00e0s 14h, e pelo Baile da Cidade com a Banda Acqua, \u00e0s 21h, no DMD Centro de Eventos.<\/p>\n<p>No dia 14 de setembro, feriado municipal e data do anivers\u00e1rio de 52 anos de Sinop, o Festeja ter\u00e1 a grava\u00e7\u00e3o do DVD de Wesley &amp; Conrado, \u00e0s 18h, no Gigante do Norte, com participa\u00e7\u00f5es de Jefferson Moraes, Pedro Paulo &amp; Alex, Zez\u00e9 Di Camargo, Hugo &amp; Guilherme, \u00cdcaro &amp; Gilmar, Traia V\u00e9ia e outros artistas nacionais.<\/p>\n<p>O Festeja Sinop 2026 \u00e9 realizado pela Prefeitura de Sinop, com apoio da C\u00e2mara Municipal de Sinop e patroc\u00ednio do Grupo Sinop, Shopping Sinop, Sicoob Norte e Keeta, em celebra\u00e7\u00e3o aos 52 anos de funda\u00e7\u00e3o do munic\u00edpio. A programa\u00e7\u00e3o oficial pode ser acompanhada nas redes sociais da Prefeitura de Sinop e no site institucional.<\/p>\n<\/div>\n<p>&nbsp;<\/p>\n<div class=\"ntc_area_info_noticia sw_lato\">\n<div>\n<div class=\"ntc_info_noticia\"><strong class=\"sw_lato_black\">Fonte:\u00a0<\/strong>Assessoria de Comunica\u00e7\u00e3o<\/div>\n<div class=\"ntc_info_noticia\"><strong class=\"sw_lato_black\">Autor:\u00a0<\/strong>Jhayne Lima<\/div>\n<p>&nbsp;<\/p>\n<\/div>\n<\/div>\n<p>&nbsp;<\/p>\n<p id=\"infocoweb_fonte\" class=\"infocoweb_fonte\">Fonte:\u00a0<a href=\"https:\/\/www.sinop.mt.gov.br\/portal\/noticias\/0\/3\/13802\/festeja-sinop-movimenta-economia-e-fortalece-comercio-local\/#7e4f75da-c0fc-4dd0-a0e5-3fdc5f65dddf\" target=\"_blank\" rel=\"noopener\">Prefeitura de Sinop \u2013 MT<\/a><\/p>\n","protected":false},"excerpt":{"rendered":"<p>O Festeja Sinop 2026 movimenta diferentes setores da economia local com uma programa\u00e7\u00e3o que re\u00fane &hellip;<\/p>\n","protected":false},"author":4,"featured_media":104188,"comment_status":"closed","ping_status":"open","sticky":false,"template":"","format":"standard","meta":{"footnotes":""},"categories":[176],"tags":[],"class_list":["post-104187","post","type-post","status-publish","format-standard","has-post-thumbnail","hentry","category-geral"],"wps_subtitle":"","_links":{"self":[{"href":"https:\/\/www.cfnews.com.br\/portal\/wp-json\/wp\/v2\/posts\/104187","targetHints":{"allow":["GET"]}}],"collection":[{"href":"https:\/\/www.cfnews.com.br\/portal\/wp-json\/wp\/v2\/posts"}],"about":[{"href":"https:\/\/www.cfnews.com.br\/portal\/wp-json\/wp\/v2\/types\/post"}],"author":[{"embeddable":true,"href":"https:\/\/www.cfnews.com.br\/portal\/wp-json\/wp\/v2\/users\/4"}],"replies":[{"embeddable":true,"href":"https:\/\/www.cfnews.com.br\/portal\/wp-json\/wp\/v2\/comments?post=104187"}],"version-history":[{"count":1,"href":"https:\/\/www.cfnews.com.br\/portal\/wp-json\/wp\/v2\/posts\/104187\/revisions"}],"predecessor-version":[{"id":104189,"href":"https:\/\/www.cfnews.com.br\/portal\/wp-json\/wp\/v2\/posts\/104187\/revisions\/104189"}],"wp:featuredmedia":[{"embeddable":true,"href":"https:\/\/www.cfnews.com.br\/portal\/wp-json\/wp\/v2\/media\/104188"}],"wp:attachment":[{"href":"https:\/\/www.cfnews.com.br\/portal\/wp-json\/wp\/v2\/media?parent=104187"}],"wp:term":[{"taxonomy":"category","embeddable":true,"href":"https:\/\/www.cfnews.com.br\/portal\/wp-json\/wp\/v2\/categories?post=104187"},{"taxonomy":"post_tag","embeddable":true,"href":"https:\/\/www.cfnews.com.br\/portal\/wp-json\/wp\/v2\/tags?post=104187"}],"curies":[{"name":"wp","href":"https:\/\/api.w.org\/{rel}","templated":true}]}}