{"id":104189,"date":"2026-09-03T09:31:33","date_gmt":"2026-09-03T13:31:33","guid":{"rendered":"https:\/\/www.cfnews.com.br\/portal\/?p=104189"},"modified":"2026-09-03T09:31:33","modified_gmt":"2026-09-03T13:31:33","slug":"guarda-municipal-participa-de-forma-especial-do-festival-de-teatro-do-fetran","status":"publish","type":"post","link":"https:\/\/www.cfnews.com.br\/portal\/guarda-municipal-participa-de-forma-especial-do-festival-de-teatro-do-fetran\/","title":{"rendered":"Guarda Municipal participa de forma especial do Festival de Teatro do Fetran"},"content":{"rendered":"<p>A Guarda Municipal de V\u00e1rzea Grande teve, nesta quarta-feira (2), participa\u00e7\u00e3o especial na etapa estadual da 21\u00aa edi\u00e7\u00e3o do Festival Estudantil Tem\u00e1tico de Teatro de Tr\u00e2nsito (Fetran), realizado no Cine Teatro Cuiab\u00e1. O convite partiu da Superintend\u00eancia da Pol\u00edcia Rodovi\u00e1ria Federal (PRF), como forma de reconhecimento aos servi\u00e7os prestados pelo \u00f3rg\u00e3o de seguran\u00e7a municipal, especialmente pelas a\u00e7\u00f5es educativas desenvolvidas junto \u00e0 comunidade escolar, como o teatro de fantoches.<\/p>\n<p>A iniciativa utiliza personagens e hist\u00f3rias para levar \u00e0s crian\u00e7as, de maneira l\u00fadica e divertida, orienta\u00e7\u00f5es sobre seguran\u00e7a no tr\u00e2nsito. A proposta contribui para que os alunos aprendam sobre atitudes respons\u00e1veis, respeito \u00e0s regras de circula\u00e7\u00e3o e a import\u00e2ncia da participa\u00e7\u00e3o de cada cidad\u00e3o na constru\u00e7\u00e3o de um tr\u00e2nsito mais seguro.<\/p>\n<p>O inspetor da PRF Ney Pedroso de Barros destacou que a participa\u00e7\u00e3o da Guarda Municipal no festival representa um reconhecimento \u00e0 atua\u00e7\u00e3o do \u00f3rg\u00e3o municipal, que, al\u00e9m do trabalho de prote\u00e7\u00e3o e seguran\u00e7a, tamb\u00e9m desenvolve a\u00e7\u00f5es de car\u00e1ter preventivo e educativo.<\/p>\n<p>Segundo a representante da Guarda Municipal, In\u00eas Guimar\u00e3es, o convite da PRF refor\u00e7a a import\u00e2ncia da parceria entre os \u00f3rg\u00e3os de seguran\u00e7a e demonstra que o trabalho desenvolvido nas escolas tem alcan\u00e7ado seu objetivo de formar, desde cedo, cidad\u00e3os mais conscientes e respons\u00e1veis no tr\u00e2nsito.<\/p>\n<p>\u201cA presen\u00e7a da Guarda Municipal no Festival de Teatro do Fetran tamb\u00e9m evidencia a for\u00e7a da arte como instrumento de educa\u00e7\u00e3o e conscientiza\u00e7\u00e3o, aproximando as institui\u00e7\u00f5es p\u00fablicas das crian\u00e7as e contribuindo para a constru\u00e7\u00e3o de uma cultura de respeito e seguran\u00e7a no tr\u00e2nsito\u201d, destacou.<\/p>\n<p>&nbsp;<\/p>\n<p>&nbsp;<\/p>\n<p><a href=\"https:\/\/www.varzeagrande.mt.gov.br\/guarda-municipal-participa-de-forma-especial-do-festival-de-teatro-do-fetran\">Prefeitura de VG<\/a><\/p>\n","protected":false},"excerpt":{"rendered":"<p>A Guarda Municipal de V\u00e1rzea Grande teve, nesta quarta-feira (2), participa\u00e7\u00e3o especial na etapa estadual &hellip;<\/p>\n","protected":false},"author":4,"featured_media":104190,"comment_status":"closed","ping_status":"open","sticky":false,"template":"","format":"standard","meta":{"footnotes":""},"categories":[176],"tags":[],"class_list":["post-104189","post","type-post","status-publish","format-standard","has-post-thumbnail","hentry","category-geral"],"wps_subtitle":"","_links":{"self":[{"href":"https:\/\/www.cfnews.com.br\/portal\/wp-json\/wp\/v2\/posts\/104189","targetHints":{"allow":["GET"]}}],"collection":[{"href":"https:\/\/www.cfnews.com.br\/portal\/wp-json\/wp\/v2\/posts"}],"about":[{"href":"https:\/\/www.cfnews.com.br\/portal\/wp-json\/wp\/v2\/types\/post"}],"author":[{"embeddable":true,"href":"https:\/\/www.cfnews.com.br\/portal\/wp-json\/wp\/v2\/users\/4"}],"replies":[{"embeddable":true,"href":"https:\/\/www.cfnews.com.br\/portal\/wp-json\/wp\/v2\/comments?post=104189"}],"version-history":[{"count":1,"href":"https:\/\/www.cfnews.com.br\/portal\/wp-json\/wp\/v2\/posts\/104189\/revisions"}],"predecessor-version":[{"id":104191,"href":"https:\/\/www.cfnews.com.br\/portal\/wp-json\/wp\/v2\/posts\/104189\/revisions\/104191"}],"wp:featuredmedia":[{"embeddable":true,"href":"https:\/\/www.cfnews.com.br\/portal\/wp-json\/wp\/v2\/media\/104190"}],"wp:attachment":[{"href":"https:\/\/www.cfnews.com.br\/portal\/wp-json\/wp\/v2\/media?parent=104189"}],"wp:term":[{"taxonomy":"category","embeddable":true,"href":"https:\/\/www.cfnews.com.br\/portal\/wp-json\/wp\/v2\/categories?post=104189"},{"taxonomy":"post_tag","embeddable":true,"href":"https:\/\/www.cfnews.com.br\/portal\/wp-json\/wp\/v2\/tags?post=104189"}],"curies":[{"name":"wp","href":"https:\/\/api.w.org\/{rel}","templated":true}]}}