{"id":104190,"date":"2026-09-01T14:54:56","date_gmt":"2026-09-01T18:54:56","guid":{"rendered":"https:\/\/www.cfnews.com.br\/portal\/?p=104190"},"modified":"2026-09-01T14:54:56","modified_gmt":"2026-09-01T18:54:56","slug":"sinop-recebe-comitiva-de-produtores-e-empresarios-argentinos-para-apresentar-o-potencial-da-cidade","status":"publish","type":"post","link":"https:\/\/www.cfnews.com.br\/portal\/sinop-recebe-comitiva-de-produtores-e-empresarios-argentinos-para-apresentar-o-potencial-da-cidade\/","title":{"rendered":"Sinop recebe comitiva de produtores e empres\u00e1rios argentinos para apresentar o potencial da cidade"},"content":{"rendered":"<p>A Prefeitura de Sinop recebeu, na manh\u00e3 desta ter\u00e7a-feira (1\u00ba), uma comitiva formada por seis produtores e empres\u00e1rios da prov\u00edncia de Buenos Aires, na Argentina, para uma agenda de interc\u00e2mbio de experi\u00eancias e apresenta\u00e7\u00e3o das potencialidades econ\u00f4micas do munic\u00edpio. O encontro foi realizado no audit\u00f3rio da Uni\u00e3o das Entidades de Sinop (Unesin) e contou com a participa\u00e7\u00e3o do prefeito Roberto Dorner e da Secretaria de Desenvolvimento Econ\u00f4mico.<\/p>\n<p>Os visitantes integram a\u00a0<em>Asociaci\u00f3n Argentina de Productores en Siembra Directa<\/em>\u00a0(AAPRESID), entidade sem fins lucrativos que re\u00fane cerca de 1,8 mil associados e possui 35 anos de atua\u00e7\u00e3o. A associa\u00e7\u00e3o desenvolve a\u00e7\u00f5es voltadas aos sistemas produtivos sustent\u00e1veis e promove parcerias e interc\u00e2mbios entre produtores, empresas e centros de pesquisa.<\/p>\n<p>A programa\u00e7\u00e3o incluiu a visita a uma fazenda da regi\u00e3o e \u00e0 planta da Evermat, biorrefinaria de etanol de milho instalada em Sinop. Durante o encontro na Unesin, a Secretaria de Desenvolvimento Econ\u00f4mico tamb\u00e9m apresentou dados sobre o munic\u00edpio e as oportunidades para investimentos, negocia\u00e7\u00f5es e novas parcerias.<\/p>\n<p>O prefeito Roberto Dorner destacou que a recep\u00e7\u00e3o de delega\u00e7\u00f5es estrangeiras \u00e9 uma oportunidade para apresentar a for\u00e7a econ\u00f4mica de Sinop e ampliar as possibilidades de coopera\u00e7\u00e3o. \u201cTemos o prazer de apresentar nosso munic\u00edpio e a nossa produ\u00e7\u00e3o agr\u00edcola, pecu\u00e1ria e de algod\u00e3o. Sinop \u00e9 uma cidade jovem, de grande pujan\u00e7a, e queremos mostrar esse potencial aos nossos irm\u00e3os da Am\u00e9rica Latina, promovendo a troca de informa\u00e7\u00f5es e de tecnologia para que possamos produzir cada vez mais\u201d, afirmou.<\/p>\n<p>Dorner tamb\u00e9m ressaltou o crescimento do munic\u00edpio e a diversidade de servi\u00e7os e atividades econ\u00f4micas dispon\u00edveis na cidade. \u201cSinop \u00e9 a Capital do Nort\u00e3o porque realmente j\u00e1 tem de tudo. Quanto mais ind\u00fastrias, pessoas, investimentos e institui\u00e7\u00f5es v\u00eam para c\u00e1, mais a cidade cresce e se torna cada vez melhor\u201d, completou.<\/p>\n<p>O secret\u00e1rio municipal de Desenvolvimento Econ\u00f4mico, Jos\u00e9 Pedro Serafini, explicou que o poder p\u00fablico atua como facilitador na aproxima\u00e7\u00e3o entre os diferentes setores e na apresenta\u00e7\u00e3o das potencialidades locais. \u201cOs argentinos est\u00e3o aqui para a troca de informa\u00e7\u00f5es, para conhecer novas tecnologias e a modernidade que o agroneg\u00f3cio oferece \u00e0 economia. Estamos recepcionando a comitiva e facilitando o acesso a essas informa\u00e7\u00f5es, que tamb\u00e9m podem ser aplicadas em seus sistemas produtivos na Argentina\u201d, destacou.<\/p>\n<p>Segundo Serafini, a aproxima\u00e7\u00e3o pode abrir caminhos para futuras rela\u00e7\u00f5es comerciais. \u201cO poder p\u00fablico fomenta e incentiva essas possibilidades, mas, quando os neg\u00f3cios come\u00e7am, as conversa\u00e7\u00f5es seguem diretamente entre os envolvidos, de forma clara e transparente, com a participa\u00e7\u00e3o do poder p\u00fablico quando necess\u00e1ria\u201d, pontuou.<\/p>\n<p>A representante da AAPRESID, Isabella Nardi, explicou que as miss\u00f5es realizadas pela entidade t\u00eam como objetivo proporcionar aos associados o conhecimento de diferentes experi\u00eancias produtivas. \u201cFazemos este tipo de viagem para que os produtores possam conhecer outras experi\u00eancias produtivas. Estamos em Mato Grosso, em Sinop, para conhecer como s\u00e3o desenvolvidos os sistemas produtivos e para intercambiar experi\u00eancias entre produtores do Brasil e da Argentina\u201d, afirmou.<\/p>\n<div class=\"ntc_cont_descricao_noticia sw_txteditor\">\n<p>Durante as conversas e apresenta\u00e7\u00f5es, tamb\u00e9m foram compartilhados dados que evidenciam diferen\u00e7as entre os sistemas produtivos dos dois pa\u00edses. Entre os n\u00fameros debatidos, foi apontado que a produtividade m\u00e9dia da soja na Argentina \u00e9 de cerca de 50 sacas por hectare, enquanto no Brasil alcan\u00e7a aproximadamente 76 sacas por hectare.<\/p>\n<p>O produtor e empres\u00e1rio argentino Ricardo Yapur destacou que as diferen\u00e7as clim\u00e1ticas e as caracter\u00edsticas dos sistemas produtivos chamaram a aten\u00e7\u00e3o da comitiva, especialmente em rela\u00e7\u00e3o \u00e0 produ\u00e7\u00e3o brasileira. \u201cA principal diferen\u00e7a est\u00e1 no clima, na temperatura e na umidade. O milho safrinha, por exemplo, n\u00e3o temos com as caracter\u00edsticas que voc\u00eas t\u00eam. Tamb\u00e9m me impressiona o tamanho e o desenvolvimento das empresas dos produtores brasileiros\u201d, observou.<\/p>\n<p>Yapur, que visitou Sinop pela primeira vez, tamb\u00e9m destacou as estruturas conhecidas durante a programa\u00e7\u00e3o. \u201cVisitamos uma fazenda e uma planta de etanol e me impressionaram os tamanhos e o n\u00edvel de investimento do produtor brasileiro, al\u00e9m da estrutura produtiva que encontramos aqui\u201d, afirmou.<\/p>\n<p>A agenda refor\u00e7ou a aproxima\u00e7\u00e3o entre Sinop e representantes do setor agropecu\u00e1rio argentino, criando oportunidades para o compartilhamento de tecnologias, conhecimentos e experi\u00eancias, al\u00e9m da possibilidade de futuras negocia\u00e7\u00f5es e investimentos entre os dois pa\u00edses.<\/p>\n<p>&nbsp;<\/p>\n<\/div>\n<p>&nbsp;<\/p>\n<div class=\"ntc_area_info_noticia sw_lato\">\n<div>\n<div class=\"ntc_info_noticia\"><strong class=\"sw_lato_black\">Fonte:\u00a0<\/strong>Assessoria de Comunica\u00e7\u00e3o<\/div>\n<div class=\"ntc_info_noticia\"><strong class=\"sw_lato_black\">Autor:\u00a0<\/strong>Weslley Mtchaell<\/div>\n<p>&nbsp;<\/p>\n<\/div>\n<\/div>\n<p>&nbsp;<\/p>\n<p id=\"infocoweb_fonte\" class=\"infocoweb_fonte\">Fonte:\u00a0<a href=\"https:\/\/www.sinop.mt.gov.br\/portal\/noticias\/0\/3\/13801\/sinop-recebe-comitiva-de-produtores-e-empresarios-argentinos-para-apresentar-o-potencial-da-cidade\/#914e3fcc-b6a7-4b5f-ae3d-bb4f1b8ee9e7\" target=\"_blank\" rel=\"noopener\">Prefeitura de Sinop \u2013 MT<\/a><\/p>\n","protected":false},"excerpt":{"rendered":"<p>A Prefeitura de Sinop recebeu, na manh\u00e3 desta ter\u00e7a-feira (1\u00ba), uma comitiva formada por seis &hellip;<\/p>\n","protected":false},"author":4,"featured_media":104191,"comment_status":"closed","ping_status":"open","sticky":false,"template":"","format":"standard","meta":{"footnotes":""},"categories":[176],"tags":[],"class_list":["post-104190","post","type-post","status-publish","format-standard","has-post-thumbnail","hentry","category-geral"],"wps_subtitle":"","_links":{"self":[{"href":"https:\/\/www.cfnews.com.br\/portal\/wp-json\/wp\/v2\/posts\/104190","targetHints":{"allow":["GET"]}}],"collection":[{"href":"https:\/\/www.cfnews.com.br\/portal\/wp-json\/wp\/v2\/posts"}],"about":[{"href":"https:\/\/www.cfnews.com.br\/portal\/wp-json\/wp\/v2\/types\/post"}],"author":[{"embeddable":true,"href":"https:\/\/www.cfnews.com.br\/portal\/wp-json\/wp\/v2\/users\/4"}],"replies":[{"embeddable":true,"href":"https:\/\/www.cfnews.com.br\/portal\/wp-json\/wp\/v2\/comments?post=104190"}],"version-history":[{"count":1,"href":"https:\/\/www.cfnews.com.br\/portal\/wp-json\/wp\/v2\/posts\/104190\/revisions"}],"predecessor-version":[{"id":104192,"href":"https:\/\/www.cfnews.com.br\/portal\/wp-json\/wp\/v2\/posts\/104190\/revisions\/104192"}],"wp:featuredmedia":[{"embeddable":true,"href":"https:\/\/www.cfnews.com.br\/portal\/wp-json\/wp\/v2\/media\/104191"}],"wp:attachment":[{"href":"https:\/\/www.cfnews.com.br\/portal\/wp-json\/wp\/v2\/media?parent=104190"}],"wp:term":[{"taxonomy":"category","embeddable":true,"href":"https:\/\/www.cfnews.com.br\/portal\/wp-json\/wp\/v2\/categories?post=104190"},{"taxonomy":"post_tag","embeddable":true,"href":"https:\/\/www.cfnews.com.br\/portal\/wp-json\/wp\/v2\/tags?post=104190"}],"curies":[{"name":"wp","href":"https:\/\/api.w.org\/{rel}","templated":true}]}}