{"id":104193,"date":"2026-09-01T14:55:45","date_gmt":"2026-09-01T18:55:45","guid":{"rendered":"https:\/\/www.cfnews.com.br\/portal\/?p=104193"},"modified":"2026-09-01T14:55:45","modified_gmt":"2026-09-01T18:55:45","slug":"michelly-quer-preparar-professores-para-identificar-sinais-de-abuso-e-violencia-nas-escolas","status":"publish","type":"post","link":"https:\/\/www.cfnews.com.br\/portal\/michelly-quer-preparar-professores-para-identificar-sinais-de-abuso-e-violencia-nas-escolas\/","title":{"rendered":"Michelly quer preparar professores para identificar sinais de abuso e viol\u00eancia nas escolas"},"content":{"rendered":"<p>A vereadora e candidata a deputada estadual, Michelly Alencar (Uni\u00e3o Brasil), defende que as escolas de Mato Grosso tenham um papel mais estruturado na preven\u00e7\u00e3o e identifica\u00e7\u00e3o de casos de viol\u00eancia contra crian\u00e7as e adolescentes. A proposta \u201cEscola Segura\u201d prev\u00ea protocolos de prote\u00e7\u00e3o, capacita\u00e7\u00e3o de professores e gestores e maior integra\u00e7\u00e3o das unidades de ensino com a rede de prote\u00e7\u00e3o.<\/p>\n<p>&nbsp;<\/p>\n<p>A medida faz parte do plano de propostas que a candidata pretende levar para a Assembleia Legislativa, com foco na preven\u00e7\u00e3o da viol\u00eancia e na prepara\u00e7\u00e3o das escolas para identificar, acolher e encaminhar casos envolvendo crian\u00e7as e adolescentes.<\/p>\n<p>&nbsp;<\/p>\n<p>Entre as medidas apresentadas est\u00e3o a prepara\u00e7\u00e3o dos profissionais para reconhecer sinais de abuso, viol\u00eancia e neglig\u00eancia, a cria\u00e7\u00e3o de fluxos para acolhimento e encaminhamento de casos suspeitos, al\u00e9m da amplia\u00e7\u00e3o da divulga\u00e7\u00e3o dos canais de den\u00fancia dentro das escolas.<\/p>\n<p>&nbsp;<\/p>\n<p>\u201cInforma\u00e7\u00e3o tamb\u00e9m \u00e9 prote\u00e7\u00e3o. A escola precisa estar preparada para reconhecer os sinais, acolher e encaminhar corretamente uma situa\u00e7\u00e3o de viol\u00eancia. Quanto mais preparada estiver a rede, maiores s\u00e3o as chances de proteger uma crian\u00e7a antes que seja tarde\u201d, afirma Michelly.<\/p>\n<p>A proposta tamb\u00e9m prev\u00ea a\u00e7\u00f5es educativas de preven\u00e7\u00e3o e autoprote\u00e7\u00e3o, adequadas \u00e0 idade dos estudantes, e o fortalecimento da integra\u00e7\u00e3o entre escolas e Conselhos Tutelares.<\/p>\n<p>&nbsp;<\/p>\n<p>A pauta d\u00e1 continuidade a iniciativas j\u00e1 desenvolvidas por Michelly em Cuiab\u00e1. Entre elas est\u00e3o a Lei n\u00ba 7.143\/2024, que prev\u00ea atividades sobre a Lei Maria da Penha na rede p\u00fablica municipal, e a Lei n\u00ba 7.333\/2025, que estabelece mensagens educativas e informa\u00e7\u00f5es sobre canais de den\u00fancia de abuso e explora\u00e7\u00e3o sexual de crian\u00e7as e adolescentes em materiais did\u00e1ticos.<\/p>\n<p>&nbsp;<\/p>\n<p>A candidata prop\u00f5e ampliar essas experi\u00eancias para os 142 munic\u00edpios de Mato Grosso, fortalecendo uma pol\u00edtica estadual de prote\u00e7\u00e3o que aproxime Educa\u00e7\u00e3o, fam\u00edlias, Sa\u00fade, Assist\u00eancia Social, Conselhos Tutelares e demais \u00f3rg\u00e3os da rede.<\/p>\n<p>&nbsp;<\/p>\n<p><em><strong>Da Assessoria.<\/strong><\/em><\/p>\n","protected":false},"excerpt":{"rendered":"<p>A vereadora e candidata a deputada estadual, Michelly Alencar (Uni\u00e3o Brasil), defende que as escolas &hellip;<\/p>\n","protected":false},"author":4,"featured_media":104194,"comment_status":"closed","ping_status":"open","sticky":false,"template":"","format":"standard","meta":{"footnotes":""},"categories":[176],"tags":[],"class_list":["post-104193","post","type-post","status-publish","format-standard","has-post-thumbnail","hentry","category-geral"],"wps_subtitle":"A proposta da candidata \u201cEscola Segura\u201d prev\u00ea protocolos de prote\u00e7\u00e3o, capacita\u00e7\u00e3o de professores e gestores ","_links":{"self":[{"href":"https:\/\/www.cfnews.com.br\/portal\/wp-json\/wp\/v2\/posts\/104193","targetHints":{"allow":["GET"]}}],"collection":[{"href":"https:\/\/www.cfnews.com.br\/portal\/wp-json\/wp\/v2\/posts"}],"about":[{"href":"https:\/\/www.cfnews.com.br\/portal\/wp-json\/wp\/v2\/types\/post"}],"author":[{"embeddable":true,"href":"https:\/\/www.cfnews.com.br\/portal\/wp-json\/wp\/v2\/users\/4"}],"replies":[{"embeddable":true,"href":"https:\/\/www.cfnews.com.br\/portal\/wp-json\/wp\/v2\/comments?post=104193"}],"version-history":[{"count":1,"href":"https:\/\/www.cfnews.com.br\/portal\/wp-json\/wp\/v2\/posts\/104193\/revisions"}],"predecessor-version":[{"id":104195,"href":"https:\/\/www.cfnews.com.br\/portal\/wp-json\/wp\/v2\/posts\/104193\/revisions\/104195"}],"wp:featuredmedia":[{"embeddable":true,"href":"https:\/\/www.cfnews.com.br\/portal\/wp-json\/wp\/v2\/media\/104194"}],"wp:attachment":[{"href":"https:\/\/www.cfnews.com.br\/portal\/wp-json\/wp\/v2\/media?parent=104193"}],"wp:term":[{"taxonomy":"category","embeddable":true,"href":"https:\/\/www.cfnews.com.br\/portal\/wp-json\/wp\/v2\/categories?post=104193"},{"taxonomy":"post_tag","embeddable":true,"href":"https:\/\/www.cfnews.com.br\/portal\/wp-json\/wp\/v2\/tags?post=104193"}],"curies":[{"name":"wp","href":"https:\/\/api.w.org\/{rel}","templated":true}]}}