{"id":104195,"date":"2026-09-03T09:38:21","date_gmt":"2026-09-03T13:38:21","guid":{"rendered":"https:\/\/www.cfnews.com.br\/portal\/?p=104195"},"modified":"2026-09-03T09:38:21","modified_gmt":"2026-09-03T13:38:21","slug":"grupo-teatral-da-emeb-salvelina-ferreira-da-silva-se-apresenta-na-etapa-estadual-do-fetran","status":"publish","type":"post","link":"https:\/\/www.cfnews.com.br\/portal\/grupo-teatral-da-emeb-salvelina-ferreira-da-silva-se-apresenta-na-etapa-estadual-do-fetran\/","title":{"rendered":"Grupo teatral da EMEB Salvelina Ferreira da Silva se apresenta na etapa estadual do Fetran"},"content":{"rendered":"<p>O grupo teatral da Escola Municipal de Educa\u00e7\u00e3o B\u00e1sica (EMEB) Professora Salvelina Ferreira da Silva se apresentou nesta quarta-feira (2), no Cine Teatro Cuiab\u00e1, com o espet\u00e1culo \u201cO Bosque\u201d, concorrendo na categoria infantil. A apresenta\u00e7\u00e3o integra a programa\u00e7\u00e3o da etapa estadual da 21\u00aa edi\u00e7\u00e3o do Festival de Teatro para o Tr\u00e2nsito (Fetran), idealizado pela Pol\u00edcia Rodovi\u00e1ria Federal (PRF).<\/p>\n<p>A apresenta\u00e7\u00e3o dos alunos arrancou aplausos do p\u00fablico presente, que prestigiou o talento e a dedica\u00e7\u00e3o dos estudantes.<\/p>\n<p>O professor de teatro, Edson J\u00fanior Faria, disse que, como artista e docente, se sente feliz ao ver o resultado de tantos ensaios e aprendizados ser colocado em cena de maneira t\u00e3o grandiosa.<\/p>\n<p>\u201cMinha fun\u00e7\u00e3o como professor e regente dessa turma \u00e9 fazer com que o teatro os leve cada vez mais longe. Eu me dedico e ensino com muito empenho em cada etapa do processo, e assisti-los atuar com tamanha maestria e entrega \u00e9 profundamente gratificante. Ver a evolu\u00e7\u00e3o e o brilho nos olhos deles \u00e9 a nossa maior conquista\u201d, afirmou.<\/p>\n<p>O professor tamb\u00e9m disse estar confiante para a premia\u00e7\u00e3o e com a certeza de que os alunos deram o melhor de si.<\/p>\n<p>\u201cComo criador do trabalho, converso muito com eles sobre o fato de serem crian\u00e7as e os preparo para lidar com os sentimentos que ficam muito \u00e0 flor da pele em uma competi\u00e7\u00e3o. Torcemos muito para que a pe\u00e7a seja premiada e para que venha o melhor resultado, mas o meu papel tamb\u00e9m \u00e9 ensin\u00e1-los a ter os p\u00e9s no ch\u00e3o e maturidade para lidar com qualquer circunst\u00e2ncia. Se o trof\u00e9u vier, coroar\u00e1 uma jornada linda, mas o sentimento de dever cumprido e a excel\u00eancia que eles apresentaram hoje ningu\u00e9m nos tira. Eles foram simplesmente magistrais\u201d, comemorou.<\/p>\n<p>Para o inspetor da PRF, Ney Pedroso de Barros, a receptividade do p\u00fablico presente no Cine Teatro demonstra tamb\u00e9m que a qualidade dos espet\u00e1culos apresentados pelos grupos escolares tem sido uma das grandes surpresas do festival, evidenciando o potencial art\u00edstico dos alunos e o trabalho desenvolvido pelas unidades de ensino.<\/p>\n<p>\u201cComo acompanhamos todas as etapas, n\u00f3s j\u00e1 sab\u00edamos dessas surpresas, mas a\u00ed a gente fica analisando pela cara dos jurados e das pessoas que vieram de outros munic\u00edpios para acompanhar esse trabalho. Isso tudo \u00e9 fora do comum. Eu mesmo me surpreendo em cada pe\u00e7a que vejo, ainda mais com a qualidade e a performance dos alunos\u201d, comentou.<\/p>\n<p>O inspetor disse ainda que 20 espet\u00e1culos integram essa reta final do Fetran. Os grandes vencedores ser\u00e3o conhecidos no encerramento da programa\u00e7\u00e3o, com a premia\u00e7\u00e3o marcada para sexta-feira (4), a partir das 14h45.<\/p>\n<p>A secret\u00e1ria de Educa\u00e7\u00e3o, Cultura, Esporte e Lazer, Maria Fernanda Figueiredo, destacou que a participa\u00e7\u00e3o das escolas da Rede Municipal no festival de teatro representa uma oportunidade para os estudantes desenvolverem talentos art\u00edsticos, ampliarem sua express\u00e3o cultural e, ao mesmo tempo, levarem ao p\u00fablico uma mensagem de conscientiza\u00e7\u00e3o por meio da arte.<\/p>\n<p>\u201cEssa iniciativa promovida pela PRF \u00e9 muito importante e significativa, uma vez que aproxima a educa\u00e7\u00e3o, a cultura e a forma\u00e7\u00e3o cidad\u00e3, proporcionando aos estudantes experi\u00eancias que v\u00e3o al\u00e9m da sala de aula\u201d, afirmou.<\/p>\n<p><strong>Finalistas<\/strong><\/p>\n<p>Al\u00e9m da EMEB Professora Sanvelina Ferreira da Silva, outras duas escolas da Rede Municipal participam da etapa final do Fetran.<\/p>\n<p>O grupo teatral da EMEB Gon\u00e7alo Domingos de Campos (CAIC) se apresentou na ter\u00e7a-feira (1\u00ba), na categoria infantojuvenil, com a pe\u00e7a \u201cUm segundo no tr\u00e2nsito\u201d, sob a dire\u00e7\u00e3o de Adriana Meireles.<\/p>\n<p>J\u00e1 a EMEB Professor Paulo Freire se apresenta na tarde desta quarta-feira (2), com o espet\u00e1culo \u201cO circo no tr\u00e2nsito: sua conta est\u00e1 no vermelho\u201d, na categoria infantojuvenil, sob a dire\u00e7\u00e3o de M\u00f4nica Tatyane.<\/p>\n<p>&nbsp;<\/p>\n<p>&nbsp;<\/p>\n<p><a href=\"https:\/\/www.varzeagrande.mt.gov.br\/grupo-teatral-da-emeb-salvelina-ferreira-da-silva-se-apresenta-na-etapa-estadual-do-fetran\">Prefeitura de VG<\/a><\/p>\n","protected":false},"excerpt":{"rendered":"<p>O grupo teatral da Escola Municipal de Educa\u00e7\u00e3o B\u00e1sica (EMEB) Professora Salvelina Ferreira da Silva &hellip;<\/p>\n","protected":false},"author":4,"featured_media":104196,"comment_status":"closed","ping_status":"open","sticky":false,"template":"","format":"standard","meta":{"footnotes":""},"categories":[176],"tags":[],"class_list":["post-104195","post","type-post","status-publish","format-standard","has-post-thumbnail","hentry","category-geral"],"wps_subtitle":"","_links":{"self":[{"href":"https:\/\/www.cfnews.com.br\/portal\/wp-json\/wp\/v2\/posts\/104195","targetHints":{"allow":["GET"]}}],"collection":[{"href":"https:\/\/www.cfnews.com.br\/portal\/wp-json\/wp\/v2\/posts"}],"about":[{"href":"https:\/\/www.cfnews.com.br\/portal\/wp-json\/wp\/v2\/types\/post"}],"author":[{"embeddable":true,"href":"https:\/\/www.cfnews.com.br\/portal\/wp-json\/wp\/v2\/users\/4"}],"replies":[{"embeddable":true,"href":"https:\/\/www.cfnews.com.br\/portal\/wp-json\/wp\/v2\/comments?post=104195"}],"version-history":[{"count":1,"href":"https:\/\/www.cfnews.com.br\/portal\/wp-json\/wp\/v2\/posts\/104195\/revisions"}],"predecessor-version":[{"id":104197,"href":"https:\/\/www.cfnews.com.br\/portal\/wp-json\/wp\/v2\/posts\/104195\/revisions\/104197"}],"wp:featuredmedia":[{"embeddable":true,"href":"https:\/\/www.cfnews.com.br\/portal\/wp-json\/wp\/v2\/media\/104196"}],"wp:attachment":[{"href":"https:\/\/www.cfnews.com.br\/portal\/wp-json\/wp\/v2\/media?parent=104195"}],"wp:term":[{"taxonomy":"category","embeddable":true,"href":"https:\/\/www.cfnews.com.br\/portal\/wp-json\/wp\/v2\/categories?post=104195"},{"taxonomy":"post_tag","embeddable":true,"href":"https:\/\/www.cfnews.com.br\/portal\/wp-json\/wp\/v2\/tags?post=104195"}],"curies":[{"name":"wp","href":"https:\/\/api.w.org\/{rel}","templated":true}]}}