{"id":104197,"date":"2026-09-01T14:59:55","date_gmt":"2026-09-01T18:59:55","guid":{"rendered":"https:\/\/www.cfnews.com.br\/portal\/?p=104197"},"modified":"2026-09-01T14:59:55","modified_gmt":"2026-09-01T18:59:55","slug":"forcas-de-seguranca-e-comerciantes-unem-estrategias-para-reforcar-protecao-no-centro-de-varzea-grande","status":"publish","type":"post","link":"https:\/\/www.cfnews.com.br\/portal\/forcas-de-seguranca-e-comerciantes-unem-estrategias-para-reforcar-protecao-no-centro-de-varzea-grande\/","title":{"rendered":"For\u00e7as de seguran\u00e7a e comerciantes unem estrat\u00e9gias para refor\u00e7ar prote\u00e7\u00e3o no Centro de V\u00e1rzea Grande"},"content":{"rendered":"<p>A Guarda Municipal de V\u00e1rzea Grande reuniu, nesta segunda-feira (31), comerciantes e representantes das for\u00e7as de seguran\u00e7a para discutir medidas voltadas ao refor\u00e7o da prote\u00e7\u00e3o na regi\u00e3o central do munic\u00edpio. O encontro, realizado na Pra\u00e7a Sarita Baracat, na Avenida Couto Magalh\u00e3es, teve como foco ouvir as demandas do setor comercial e construir estrat\u00e9gias integradas de preven\u00e7\u00e3o e combate \u00e0 criminalidade.<\/p>\n<p>A reuni\u00e3o contou com a participa\u00e7\u00e3o do delegado S\u00e9rgio Lu\u00eds Henrique de Almeida, da Delegacia Especializada de Roubos e Furtos (Derf), do major Chauvin, subcomandante do 4\u00ba Batalh\u00e3o da Pol\u00edcia Militar, e do inspetor Juliano Lemos, comandante da Guarda Municipal de V\u00e1rzea Grande, al\u00e9m de comerciantes e representantes dos motociclistas que atuam por aplicativos.<\/p>\n<p>Durante o di\u00e1logo, empres\u00e1rios relataram situa\u00e7\u00f5es enfrentadas diariamente e apontaram locais considerados priorit\u00e1rios para o refor\u00e7o da seguran\u00e7a. Os participantes tamb\u00e9m destacaram a atua\u00e7\u00e3o da Guarda Municipal durante o per\u00edodo comercial. Segundo os comerciantes, a presen\u00e7a constante das equipes e as rondas preventivas t\u00eam contribu\u00eddo para inibir pequenos delitos e ampliar a sensa\u00e7\u00e3o de seguran\u00e7a na regi\u00e3o.<\/p>\n<p>Entre as medidas discutidas est\u00e1 a amplia\u00e7\u00e3o da ades\u00e3o ao programa Vigia Mais MT. A proposta \u00e9 fortalecer o videomonitoramento na \u00e1rea central e ampliar a troca de informa\u00e7\u00f5es entre comerciantes e as for\u00e7as de seguran\u00e7a.<\/p>\n<p>Para o per\u00edodo noturno e a madrugada, a Pol\u00edcia Militar e a Guarda Municipal assumiram o compromisso de refor\u00e7ar e aperfei\u00e7oar as rondas preventivas, com aten\u00e7\u00e3o especial aos pontos identificados pelos comerciantes como mais vulner\u00e1veis.<\/p>\n<p>O delegado S\u00e9rgio Lu\u00eds Henrique de Almeida tamb\u00e9m refor\u00e7ou a necessidade de registrar formalmente todas as ocorr\u00eancias. Conforme destacou, a comunica\u00e7\u00e3o r\u00e1pida dos crimes, inclusive daqueles considerados de menor potencial ofensivo, \u00e9 fundamental para subsidiar investiga\u00e7\u00f5es, identificar padr\u00f5es e permitir que as for\u00e7as de seguran\u00e7a direcionem melhor suas a\u00e7\u00f5es.<\/p>\n<p>Outro tema abordado foi a presen\u00e7a de pessoas em situa\u00e7\u00e3o de rua na regi\u00e3o central. Os participantes avaliaram que a quest\u00e3o exige uma resposta conjunta do poder p\u00fablico, envolvendo n\u00e3o apenas a \u00e1rea da seguran\u00e7a, mas tamb\u00e9m as pol\u00edticas de Sa\u00fade e Assist\u00eancia Social.<\/p>\n<p>Ao final do encontro, ficou refor\u00e7ada a import\u00e2ncia da atua\u00e7\u00e3o integrada entre Guarda Municipal, Pol\u00edcia Militar, Pol\u00edcia Civil, comerciantes e comunidade. A uni\u00e3o entre presen\u00e7a preventiva, tecnologia e compartilhamento de informa\u00e7\u00f5es dever\u00e1 nortear as pr\u00f3ximas a\u00e7\u00f5es, com o objetivo de tornar a regi\u00e3o central de V\u00e1rzea Grande mais segura para quem trabalha, mora e circula diariamente pelo local.<\/p>\n<p>&nbsp;<\/p>\n<p>&nbsp;<\/p>\n<p><a href=\"https:\/\/www.varzeagrande.mt.gov.br\/forcas-de-seguranca-e-comerciantes-unem-estrategias-para-reforcar-protecao-no-centro-de-varzea-grande\">Prefeitura de Vg<\/a><\/p>\n","protected":false},"excerpt":{"rendered":"<p>A Guarda Municipal de V\u00e1rzea Grande reuniu, nesta segunda-feira (31), comerciantes e representantes das for\u00e7as &hellip;<\/p>\n","protected":false},"author":4,"featured_media":104198,"comment_status":"closed","ping_status":"open","sticky":false,"template":"","format":"standard","meta":{"footnotes":""},"categories":[14],"tags":[],"class_list":["post-104197","post","type-post","status-publish","format-standard","has-post-thumbnail","hentry","category-mato-grosso"],"wps_subtitle":"","_links":{"self":[{"href":"https:\/\/www.cfnews.com.br\/portal\/wp-json\/wp\/v2\/posts\/104197","targetHints":{"allow":["GET"]}}],"collection":[{"href":"https:\/\/www.cfnews.com.br\/portal\/wp-json\/wp\/v2\/posts"}],"about":[{"href":"https:\/\/www.cfnews.com.br\/portal\/wp-json\/wp\/v2\/types\/post"}],"author":[{"embeddable":true,"href":"https:\/\/www.cfnews.com.br\/portal\/wp-json\/wp\/v2\/users\/4"}],"replies":[{"embeddable":true,"href":"https:\/\/www.cfnews.com.br\/portal\/wp-json\/wp\/v2\/comments?post=104197"}],"version-history":[{"count":1,"href":"https:\/\/www.cfnews.com.br\/portal\/wp-json\/wp\/v2\/posts\/104197\/revisions"}],"predecessor-version":[{"id":104199,"href":"https:\/\/www.cfnews.com.br\/portal\/wp-json\/wp\/v2\/posts\/104197\/revisions\/104199"}],"wp:featuredmedia":[{"embeddable":true,"href":"https:\/\/www.cfnews.com.br\/portal\/wp-json\/wp\/v2\/media\/104198"}],"wp:attachment":[{"href":"https:\/\/www.cfnews.com.br\/portal\/wp-json\/wp\/v2\/media?parent=104197"}],"wp:term":[{"taxonomy":"category","embeddable":true,"href":"https:\/\/www.cfnews.com.br\/portal\/wp-json\/wp\/v2\/categories?post=104197"},{"taxonomy":"post_tag","embeddable":true,"href":"https:\/\/www.cfnews.com.br\/portal\/wp-json\/wp\/v2\/tags?post=104197"}],"curies":[{"name":"wp","href":"https:\/\/api.w.org\/{rel}","templated":true}]}}