{"id":104198,"date":"2026-09-03T09:40:46","date_gmt":"2026-09-03T13:40:46","guid":{"rendered":"https:\/\/www.cfnews.com.br\/portal\/?p=104198"},"modified":"2026-09-03T09:40:46","modified_gmt":"2026-09-03T13:40:46","slug":"prefeitura-substitui-tubulacao-para-corrigir-transbordamentos-no-jardim-paulista","status":"publish","type":"post","link":"https:\/\/www.cfnews.com.br\/portal\/prefeitura-substitui-tubulacao-para-corrigir-transbordamentos-no-jardim-paulista\/","title":{"rendered":"Prefeitura substitui tubula\u00e7\u00e3o para corrigir transbordamentos no Jardim Paulista"},"content":{"rendered":"<p>A Secretaria Municipal de Obras iniciou a substitui\u00e7\u00e3o de aproximadamente 84 metros de tubula\u00e7\u00e3o na Rua Governador Jos\u00e9 Fragelli, no bairro Jardim Paulista. O servi\u00e7o pretende corrigir um problema recorrente de obstru\u00e7\u00e3o e transbordamento registrado no trecho pr\u00f3ximo \u00e0 Avenida Carmindo de Campos, especialmente durante o per\u00edodo chuvoso.<\/p>\n<p>A obra tornou-se necess\u00e1ria porque a rede apresentava uma redu\u00e7\u00e3o de di\u00e2metro ao longo do percurso. A tubula\u00e7\u00e3o maior desembocava em outra mais estreita, formando um ponto de estrangulamento que dificultava a passagem da \u00e1gua e dos res\u00edduos carregados pelo fluxo, como garrafas pl\u00e1sticas e outros materiais descartados irregularmente.<\/p>\n<p>O secret\u00e1rio municipal de Obras, Edson Brasil, destacou que a situa\u00e7\u00e3o se arrastava havia d\u00e9cadas e que a escava\u00e7\u00e3o permitiu identificar a dimens\u00e3o do problema.<\/p>\n<p>\u201cAquele era um ponto problem\u00e1tico h\u00e1 d\u00e9cadas. Ao escavarmos, constatamos que uma tubula\u00e7\u00e3o maior havia sido emendada a outra menor. Com isso, toda a rede de \u00e1guas pluviais que chegava ao local acabava sendo estrangulada. Tamb\u00e9m percebemos que a tubula\u00e7\u00e3o de 400 mil\u00edmetros estava muito assoreada. Por isso, foi necess\u00e1rio fazer a substitui\u00e7\u00e3o at\u00e9 a parte mais baixa da rede. Esta \u00e9 uma obra que vai solucionar um problema que j\u00e1 dura d\u00e9cadas na Rua Jos\u00e9 Fragelli\u201d, afirmou o secret\u00e1rio.<\/p>\n<p>De acordo com o engenheiro Marcos Farias, da Secretaria Municipal de Obras, o ac\u00famulo ocorria no po\u00e7o de visita (PV), estrutura que permite o acesso \u00e0 rede para inspe\u00e7\u00e3o e manuten\u00e7\u00e3o. Embora as equipes realizassem limpezas peri\u00f3dicas, o problema voltava a aparecer cerca de 15 dias depois e se intensificava durante as chuvas.<\/p>\n<p>\u201cComo a tubula\u00e7\u00e3o sa\u00eda de um trecho maior para outro menor, toda a sujeira que passava pela primeira parte acabava parando na se\u00e7\u00e3o mais estreita. Por isso, vamos substituir essa tubula\u00e7\u00e3o at\u00e9 a Avenida Carmindo de Campos\u201d, explicou o engenheiro.<\/p>\n<p>A tubula\u00e7\u00e3o antiga ser\u00e1 retirada e substitu\u00edda por manilhas de maior di\u00e2metro, permitindo a continuidade da vaz\u00e3o ao longo da rede. Segundo Marcos Farias, a estrutura existente est\u00e1 deteriorada e tomada por terra, o que inviabiliza sua recupera\u00e7\u00e3o e torna necess\u00e1ria a troca completa da se\u00e7\u00e3o comprometida.<\/p>\n<p>Para a execu\u00e7\u00e3o do servi\u00e7o, a equipe abre uma vala de aproximadamente 80 cent\u00edmetros de largura com o aux\u00edlio de uma retroescavadeira. O material retirado \u00e9 transportado por caminh\u00e3o e substitu\u00eddo, pois o solo saturado n\u00e3o oferece as condi\u00e7\u00f5es de compacta\u00e7\u00e3o necess\u00e1rias para ser reaproveitado no mesmo local.<\/p>\n<p>Seis profissionais participam dos trabalhos, entre servidores respons\u00e1veis pela instala\u00e7\u00e3o, operador da retroescavadeira e motorista do caminh\u00e3o. A previs\u00e3o \u00e9 de que a interven\u00e7\u00e3o seja conclu\u00edda em at\u00e9 uma semana. O engenheiro esclareceu ainda que a rede em manuten\u00e7\u00e3o \u00e9 separada do sistema de abastecimento de \u00e1gua pot\u00e1vel e, portanto, n\u00e3o h\u00e1 risco de contamina\u00e7\u00e3o da \u00e1gua fornecida aos moradores.<\/p>\n<p>&nbsp;<\/p>\n<p>&nbsp;<\/p>\n<p><a href=\"https:\/\/www.cuiaba.mt.gov.br\/noticias\/prefeitura-substitui-tubulacao-para-corrigir-transbordamentos-no-jardim-paulista\">Prefeitura de Cuiab\u00e1<\/a><\/p>\n","protected":false},"excerpt":{"rendered":"<p>A Secretaria Municipal de Obras iniciou a substitui\u00e7\u00e3o de aproximadamente 84 metros de tubula\u00e7\u00e3o na &hellip;<\/p>\n","protected":false},"author":4,"featured_media":104199,"comment_status":"closed","ping_status":"open","sticky":false,"template":"","format":"standard","meta":{"footnotes":""},"categories":[1],"tags":[],"class_list":["post-104198","post","type-post","status-publish","format-standard","has-post-thumbnail","hentry","category-cf-news"],"wps_subtitle":"","_links":{"self":[{"href":"https:\/\/www.cfnews.com.br\/portal\/wp-json\/wp\/v2\/posts\/104198","targetHints":{"allow":["GET"]}}],"collection":[{"href":"https:\/\/www.cfnews.com.br\/portal\/wp-json\/wp\/v2\/posts"}],"about":[{"href":"https:\/\/www.cfnews.com.br\/portal\/wp-json\/wp\/v2\/types\/post"}],"author":[{"embeddable":true,"href":"https:\/\/www.cfnews.com.br\/portal\/wp-json\/wp\/v2\/users\/4"}],"replies":[{"embeddable":true,"href":"https:\/\/www.cfnews.com.br\/portal\/wp-json\/wp\/v2\/comments?post=104198"}],"version-history":[{"count":1,"href":"https:\/\/www.cfnews.com.br\/portal\/wp-json\/wp\/v2\/posts\/104198\/revisions"}],"predecessor-version":[{"id":104200,"href":"https:\/\/www.cfnews.com.br\/portal\/wp-json\/wp\/v2\/posts\/104198\/revisions\/104200"}],"wp:featuredmedia":[{"embeddable":true,"href":"https:\/\/www.cfnews.com.br\/portal\/wp-json\/wp\/v2\/media\/104199"}],"wp:attachment":[{"href":"https:\/\/www.cfnews.com.br\/portal\/wp-json\/wp\/v2\/media?parent=104198"}],"wp:term":[{"taxonomy":"category","embeddable":true,"href":"https:\/\/www.cfnews.com.br\/portal\/wp-json\/wp\/v2\/categories?post=104198"},{"taxonomy":"post_tag","embeddable":true,"href":"https:\/\/www.cfnews.com.br\/portal\/wp-json\/wp\/v2\/tags?post=104198"}],"curies":[{"name":"wp","href":"https:\/\/api.w.org\/{rel}","templated":true}]}}