{"id":104203,"date":"2026-09-01T15:02:52","date_gmt":"2026-09-01T19:02:52","guid":{"rendered":"https:\/\/www.cfnews.com.br\/portal\/?p=104203"},"modified":"2026-09-01T15:02:52","modified_gmt":"2026-09-01T19:02:52","slug":"pocos-artesianos-reforcam-abastecimento-de-escolas-e-comunidades-de-varzea-grande","status":"publish","type":"post","link":"https:\/\/www.cfnews.com.br\/portal\/pocos-artesianos-reforcam-abastecimento-de-escolas-e-comunidades-de-varzea-grande\/","title":{"rendered":"Po\u00e7os artesianos refor\u00e7am abastecimento de escolas e comunidades de V\u00e1rzea Grande"},"content":{"rendered":"<p>A secret\u00e1ria municipal de Educa\u00e7\u00e3o, Cultura, Esporte e Lazer, Maria Fernanda Figueiredo, acompanhou, na manh\u00e3 desta ter\u00e7a-feira (1\u00ba), o in\u00edcio dos trabalhos para implanta\u00e7\u00e3o de um po\u00e7o artesiano na EMEB Ant\u00f4nio Joaquim de Arruda, localizada na regi\u00e3o do Cristo Rei. A unidade \u00e9 a segunda escola da rede municipal contemplada pela iniciativa, que prev\u00ea a instala\u00e7\u00e3o de po\u00e7os em cinco escolas para refor\u00e7ar o abastecimento de \u00e1gua e garantir melhores condi\u00e7\u00f5es de funcionamento para estudantes e profissionais.<\/p>\n<p>A a\u00e7\u00e3o \u00e9 resultado de uma parceria entre a Prefeitura de V\u00e1rzea Grande e o Governo do Estado de Mato Grosso, com participa\u00e7\u00e3o da Secretaria Municipal de Educa\u00e7\u00e3o, Cultura, Esporte e Lazer (SMECEL) e do Departamento de \u00c1gua e Esgoto de V\u00e1rzea Grande (DAE-VG), estabelecida por meio do Termo de Ajustamento de Conduta (TAC) \u201cAlian\u00e7a pela \u00c1gua\u201d. Os trabalhos s\u00e3o acompanhados e articulados pelo Departamento de Obras da SMECEL.<\/p>\n<p>Para Maria Fernanda, a iniciativa representa um avan\u00e7o importante para a educa\u00e7\u00e3o municipal, principalmente diante da realidade de escolas que ainda dependem do abastecimento por caminh\u00f5es-pipa.<\/p>\n<p>\u201cN\u00e3o teremos custo. A manuten\u00e7\u00e3o ser\u00e1 100% do Departamento de \u00c1gua e Esgoto do munic\u00edpio. Vamos ter o benef\u00edcio e tamb\u00e9m uma economia, porque hoje, por exemplo, esta escola que estamos visitando \u00e9 100% abastecida por caminh\u00e3o-pipa. Ela n\u00e3o tem \u00e1gua do DAE\u201d, explicou.<\/p>\n<p>Segundo a secret\u00e1ria, atualmente mais de 50 unidades da rede municipal dependem do abastecimento por caminh\u00f5es-pipa, o que gera custos e dificuldades para garantir o fornecimento di\u00e1rio de \u00e1gua.<\/p>\n<p>\u201cTemos hoje mais de 50 escolas que s\u00e3o mantidas com caminh\u00e3o-pipa dentro do munic\u00edpio de V\u00e1rzea Grande. Ent\u00e3o, voc\u00ea imagina o custo que a Educa\u00e7\u00e3o tem para manter mais de 50 unidades com caminh\u00e3o-pipa diariamente. Essa \u00e9 a realidade da educa\u00e7\u00e3o de V\u00e1rzea Grande\u201d, destacou.<\/p>\n<p>Maria Fernanda avalia que a implanta\u00e7\u00e3o dos po\u00e7os poder\u00e1 representar uma mudan\u00e7a significativa para a rede municipal e para as comunidades onde as escolas est\u00e3o inseridas.<\/p>\n<p>\u201cEsse projeto, em parceria com o Governo do Estado, Prefeitura de V\u00e1rzea Grande, Minist\u00e9rio P\u00fablico, Tribunal de Contas e Departamento de \u00c1gua e Esgoto do munic\u00edpio, vai transformar n\u00e3o s\u00f3 a comunidade em torno das escolas, mas principalmente as escolas. Vai ser um marco hist\u00f3rico para n\u00f3s, porque a falta de \u00e1gua sempre foi uma grande dor da educa\u00e7\u00e3o municipal de V\u00e1rzea Grande\u201d, afirmou.<\/p>\n<p>Parceria garante \u00e1gua para escolas e comunidades<\/p>\n<p>O diretor do DAE-VG, Jos\u00e9 Carlos Miranda de Andrade, explicou que a escolha das escolas contempla tanto as necessidades das unidades quanto as demandas das comunidades do entorno.<\/p>\n<p>\u201cHoje estamos aqui na escola Ant\u00f4nio Joaquim, no bairro H\u00e9lio Ponce de Arruda. \u00c9 uma parceria do Governo do Estado com a Prefeitura, Minist\u00e9rio P\u00fablico e Tribunal de Contas, por meio de um TAC celebrado para que a gente consiga levar \u00e1gua para todo o v\u00e1rzea-grandense\u201d, afirmou.<\/p>\n<p>De acordo com o diretor, a implanta\u00e7\u00e3o dos po\u00e7os dentro das escolas tamb\u00e9m contribui para a seguran\u00e7a dos equipamentos e do sistema de abastecimento, reduzindo riscos de furtos de cabos e interrup\u00e7\u00f5es no fornecimento.<\/p>\n<p>\u201cA Secretaria de Educa\u00e7\u00e3o tem as escolas dentro dos bairros e isso vai contribuir com a seguran\u00e7a, para evitar que as pessoas roubem os cabos dos po\u00e7os artesianos, algo que hoje \u00e9 muito frequente aqui em V\u00e1rzea Grande e acaba interrompendo esse fornecimento de \u00e1gua\u201d, explicou.<\/p>\n<p>A EMEB Ant\u00f4nio Joaquim de Arruda j\u00e1 passou pela primeira sondagem, e a perfura\u00e7\u00e3o do po\u00e7o come\u00e7a nesta semana. A unidade \u00e9 a segunda contemplada pelo projeto. A pr\u00f3xima escola prevista \u00e9 a EMEB Maria das Gra\u00e7as, enquanto outras unidades est\u00e3o sendo avaliadas a partir de um levantamento das necessidades realizado em conjunto com a equipe de engenharia da Secretaria de Educa\u00e7\u00e3o.<\/p>\n<p>Al\u00e9m de atender diretamente as escolas, os po\u00e7os tamb\u00e9m dever\u00e3o contribuir para o abastecimento das comunidades pr\u00f3ximas.<\/p>\n<p>\u201cEsses po\u00e7os artesianos est\u00e3o dentro das escolas e v\u00e3o atender as escolas e tamb\u00e9m a comunidade. Vamos fazer a interliga\u00e7\u00e3o no reservat\u00f3rio da escola, que vai atender a unidade, e o restante ser\u00e1 interligado diretamente no sistema de abastecimento da comunidade do entorno. Isso vai ser um legado para as escolas e tamb\u00e9m para os moradores\u201d, ressaltou Jos\u00e9 Carlos.<\/p>\n<p>Fim de uma antiga preocupa\u00e7\u00e3o<\/p>\n<p>Na EMEB Ant\u00f4nio Joaquim de Arruda, a chegada do po\u00e7o foi recebida com entusiasmo pela equipe escolar. A diretora \u00c2ngela Madalena Curvo destacou que a unidade j\u00e1 enfrentou dificuldades provocadas pela falta de \u00e1gua e que a nova estrutura representa mais seguran\u00e7a para o funcionamento da escola.<\/p>\n<p>\u201cMeu cora\u00e7\u00e3o est\u00e1 saltando de alegria. \u00c9 muito gratificante. N\u00f3s, da equipe da EMEB Ant\u00f4nio Joaquim de Arruda, queremos agradecer \u00e0 nossa secret\u00e1ria e ao representante do DAE, Jos\u00e9, que esteve aqui. Ser\u00e1 um benef\u00edcio muito grande n\u00e3o s\u00f3 para a escola, mas tamb\u00e9m para a vizinhan\u00e7a\u201d, comemorou.<\/p>\n<p>A diretora relembrou que, em per\u00edodos de falta de \u00e1gua, a escola precisava acionar o abastecimento emergencial para evitar a interrup\u00e7\u00e3o das atividades.<\/p>\n<p>\u201cN\u00f3s j\u00e1 sofremos com falta d&#8217;\u00e1gua. Tinha dia em que precis\u00e1vamos ligar rapidamente: \u2018N\u00f3s precisamos de \u00e1gua, sen\u00e3o vamos ter que soltar as crian\u00e7as\u2019. A \u00e1gua vinha, mas, gra\u00e7as a Deus, essa realidade j\u00e1 passou. Agora vamos aproveitar a nova realidade que est\u00e1 chegando\u201d, relatou.<\/p>\n<p>Com a implanta\u00e7\u00e3o dos po\u00e7os artesianos, a expectativa \u00e9 reduzir a depend\u00eancia dos caminh\u00f5es-pipa, gerar economia para a rede municipal e garantir maior seguran\u00e7a h\u00eddrica \u00e0s unidades de ensino. A iniciativa tamb\u00e9m amplia o alcance do TAC \u201cAlian\u00e7a pela \u00c1gua\u201d, levando o benef\u00edcio para al\u00e9m dos muros das escolas e contribuindo para o abastecimento das comunidades do entorno.<\/p>\n","protected":false},"excerpt":{"rendered":"<p>A secret\u00e1ria municipal de Educa\u00e7\u00e3o, Cultura, Esporte e Lazer, Maria Fernanda Figueiredo, acompanhou, na manh\u00e3 &hellip;<\/p>\n","protected":false},"author":4,"featured_media":104204,"comment_status":"closed","ping_status":"open","sticky":false,"template":"","format":"standard","meta":{"footnotes":""},"categories":[14],"tags":[],"class_list":["post-104203","post","type-post","status-publish","format-standard","has-post-thumbnail","hentry","category-mato-grosso"],"wps_subtitle":"","_links":{"self":[{"href":"https:\/\/www.cfnews.com.br\/portal\/wp-json\/wp\/v2\/posts\/104203","targetHints":{"allow":["GET"]}}],"collection":[{"href":"https:\/\/www.cfnews.com.br\/portal\/wp-json\/wp\/v2\/posts"}],"about":[{"href":"https:\/\/www.cfnews.com.br\/portal\/wp-json\/wp\/v2\/types\/post"}],"author":[{"embeddable":true,"href":"https:\/\/www.cfnews.com.br\/portal\/wp-json\/wp\/v2\/users\/4"}],"replies":[{"embeddable":true,"href":"https:\/\/www.cfnews.com.br\/portal\/wp-json\/wp\/v2\/comments?post=104203"}],"version-history":[{"count":1,"href":"https:\/\/www.cfnews.com.br\/portal\/wp-json\/wp\/v2\/posts\/104203\/revisions"}],"predecessor-version":[{"id":104205,"href":"https:\/\/www.cfnews.com.br\/portal\/wp-json\/wp\/v2\/posts\/104203\/revisions\/104205"}],"wp:featuredmedia":[{"embeddable":true,"href":"https:\/\/www.cfnews.com.br\/portal\/wp-json\/wp\/v2\/media\/104204"}],"wp:attachment":[{"href":"https:\/\/www.cfnews.com.br\/portal\/wp-json\/wp\/v2\/media?parent=104203"}],"wp:term":[{"taxonomy":"category","embeddable":true,"href":"https:\/\/www.cfnews.com.br\/portal\/wp-json\/wp\/v2\/categories?post=104203"},{"taxonomy":"post_tag","embeddable":true,"href":"https:\/\/www.cfnews.com.br\/portal\/wp-json\/wp\/v2\/tags?post=104203"}],"curies":[{"name":"wp","href":"https:\/\/api.w.org\/{rel}","templated":true}]}}