{"id":104204,"date":"2026-09-03T09:42:51","date_gmt":"2026-09-03T13:42:51","guid":{"rendered":"https:\/\/www.cfnews.com.br\/portal\/?p=104204"},"modified":"2026-09-03T09:42:51","modified_gmt":"2026-09-03T13:42:51","slug":"brasil-importa-73-das-vacinas-contra-doenca-fatal-no-gado","status":"publish","type":"post","link":"https:\/\/www.cfnews.com.br\/portal\/brasil-importa-73-das-vacinas-contra-doenca-fatal-no-gado\/","title":{"rendered":"Brasil importa 73% das vacinas contra doen\u00e7a fatal no gado"},"content":{"rendered":"<p>O Brasil colocou no mercado 9,98 milh\u00f5es de doses de vacinas contra clostridioses em agosto, mas quase tr\u00eas em cada quatro vieram do exterior. Os dados mostram que a oferta mensal se manteve pr\u00f3xima de 10 milh\u00f5es de doses, enquanto a produ\u00e7\u00e3o nacional perdeu participa\u00e7\u00e3o e aumentou a depend\u00eancia das importa\u00e7\u00f5es para proteger os rebanhos.<\/p>\n<p>Segundo o Minist\u00e9rio da Agricultura e Pecu\u00e1ria (Mapa), 7,30 milh\u00f5es de doses disponibilizadas no m\u00eas passado foram importadas, o equivalente a 73,16% do total. As f\u00e1bricas brasileiras forneceram 2,68 milh\u00f5es de doses, ou 26,84%.<\/p>\n<p>Em julho, haviam sido colocadas no mercado 10,16 milh\u00f5es de doses, das quais 60,31% eram importadas. Na passagem de um m\u00eas para o outro, a oferta total diminuiu 1,7%, mas a produ\u00e7\u00e3o nacional caiu aproximadamente 34%. As importa\u00e7\u00f5es cresceram 19% e sustentaram o abastecimento.<\/p>\n<p>O balan\u00e7o n\u00e3o significa necessariamente que as vacinas chegaram de forma regular a todas as regi\u00f5es. O n\u00famero divulgado pelo governo corresponde \u00e0s doses liberadas para comercializa\u00e7\u00e3o, e n\u00e3o \u00e0 quantidade efetivamente vendida, distribu\u00edda em cada Estado ou aplicada nos animais.<\/p>\n<p>O acompanhamento mensal come\u00e7ou depois de uma escassez registrada no in\u00edcio do ano. Fabricantes interromperam a produ\u00e7\u00e3o e a comercializa\u00e7\u00e3o de imunizantes entre o fim de 2025 e janeiro de 2026, reduzindo a oferta em um mercado j\u00e1 concentrado. Desde ent\u00e3o, o governo passou a acelerar a an\u00e1lise de lotes importados e a negociar com as empresas a amplia\u00e7\u00e3o da produ\u00e7\u00e3o.<\/p>\n<p>As clostridioses n\u00e3o s\u00e3o uma \u00fanica doen\u00e7a. O nome re\u00fane diferentes enfermidades provocadas por bact\u00e9rias do g\u00eanero\u00a0<em>Clostridium<\/em>\u00a0e, principalmente, pelas toxinas produzidas por esses microrganismos. Entre as mais conhecidas est\u00e3o o botulismo, o carb\u00fanculo sintom\u00e1tico, chamado no campo de manqueira, a gangrena gasosa, a enterotoxemia e o t\u00e9tano.<\/p>\n<p>Essas bact\u00e9rias conseguem formar esporos resistentes, que permanecem por longos per\u00edodos no solo, na \u00e1gua, em restos de animais e no ambiente das propriedades. Em determinadas condi\u00e7\u00f5es, os microrganismos se multiplicam ou produzem toxinas que atingem o sistema nervoso, os m\u00fasculos ou o aparelho digestivo dos animais.<\/p>\n<div>\n<div class=\"centered-text-area\">\n<div class=\"centered-text\">\n<div class=\"u2c09c98e5084b9bb7f62abe9f5a1c784-content\"><span class=\"ctaText\">Leia Tamb\u00e9m:<\/span>\u00a0\u00a0<span class=\"postTitle\">Goi\u00e1s se consolida como gigante do agroneg\u00f3cio brasileiro, com destaque nas exporta\u00e7\u00f5es<\/span><\/div>\n<\/div>\n<\/div>\n<div class=\"ctaButton\"><\/div>\n<\/div>\n<p>No botulismo, a toxina provoca paralisia progressiva, dificuldade para caminhar e engolir e, nos casos graves, parada respirat\u00f3ria. A contamina\u00e7\u00e3o pode ocorrer pelo consumo de \u00e1gua ou alimento impr\u00f3prio e pelo contato com restos de animais em pastagens, silagens ou suplementos.<\/p>\n<p>O carb\u00fanculo sintom\u00e1tico atinge principalmente bovinos jovens e bem alimentados. A doen\u00e7a provoca febre, dificuldade de locomo\u00e7\u00e3o e incha\u00e7o dos m\u00fasculos. A evolu\u00e7\u00e3o \u00e9 muito r\u00e1pida e a mortalidade pode se aproximar de 100%. Em muitas ocorr\u00eancias, o animal \u00e9 encontrado morto antes que o produtor perceba sinais claros.<\/p>\n<p>A enterotoxemia est\u00e1 associada \u00e0 produ\u00e7\u00e3o de toxinas no intestino e pode surgir ap\u00f3s mudan\u00e7as bruscas na alimenta\u00e7\u00e3o, especialmente em sistemas intensivos. O t\u00e9tano e a gangrena gasosa est\u00e3o relacionados \u00e0 contamina\u00e7\u00e3o de ferimentos, inclusive aqueles provocados por procedimentos de manejo.<\/p>\n<p>As clostridioses geralmente n\u00e3o se espalham entre os animais da mesma forma que uma virose altamente contagiosa. O risco est\u00e1 na presen\u00e7a dos agentes no ambiente e na dificuldade de tratamento. Como a evolu\u00e7\u00e3o costuma ser r\u00e1pida, a vacina\u00e7\u00e3o preventiva \u00e9 considerada a principal forma de controle.<\/p>\n<p>O preju\u00edzo come\u00e7a com a morte do animal, mas n\u00e3o termina nela. O produtor perde o valor investido em gen\u00e9tica, alimenta\u00e7\u00e3o, medicamentos, m\u00e3o de obra e tempo de cria\u00e7\u00e3o. Tamb\u00e9m pode ter gastos com diagn\u00f3stico, descarte da carca\u00e7a, atendimento veterin\u00e1rio e revis\u00e3o do manejo sanit\u00e1rio e nutricional.<\/p>\n<p>Pelos pre\u00e7os atuais, um bezerro vale cerca de R$ 3,4 mil. Um bovino terminado com 18 arrobas pode superar R$ 6,2 mil, considerando a cota\u00e7\u00e3o do boi gordo pr\u00f3xima de R$ 347 por arroba. Em confinamentos, a perda inclui ainda toda a alimenta\u00e7\u00e3o consumida at\u00e9 o momento da morte, o que torna o preju\u00edzo maior conforme o animal se aproxima do abate.<\/p>\n<p>Levantamentos realizados em confinamentos colocam as clostridioses entre as principais causas sanit\u00e1rias de mortalidade. Em propriedades sem vacina\u00e7\u00e3o adequada, surtos de botulismo ou manqueira podem atingir v\u00e1rios animais em poucos dias e comprometer o resultado de um lote inteiro.<\/p>\n<div>\n<div class=\"centered-text-area\">\n<div class=\"centered-text\">\n<div class=\"ue9457866807806d9dc04e92bd106ce09-content\"><span class=\"ctaText\">Leia Tamb\u00e9m:<\/span>\u00a0\u00a0<span class=\"postTitle\">Produtos t\u00edpicos de Minas Gerais agora est\u00e3o dispon\u00edveis para compra online<\/span><\/div>\n<\/div>\n<\/div>\n<div class=\"ctaButton\"><\/div>\n<\/div>\n<p>N\u00e3o existe uma estimativa oficial consolidada do preju\u00edzo anual provocado por essas doen\u00e7as em todo o Pa\u00eds. O impacto nacional ocorre pela soma das mortes nas propriedades, da menor produ\u00e7\u00e3o de carne e leite e do aumento das despesas sanit\u00e1rias. Diferentemente da febre aftosa, as clostridioses n\u00e3o costumam provocar o fechamento generalizado de mercados internacionais, mas reduzem a efici\u00eancia econ\u00f4mica da pecu\u00e1ria.<\/p>\n<p>Com um rebanho de aproximadamente 238 milh\u00f5es de bovinos, al\u00e9m de milh\u00f5es de ovinos e caprinos que tamb\u00e9m podem ser imunizados, o Brasil precisa de oferta cont\u00ednua. Uma \u00fanica aplica\u00e7\u00e3o nem sempre completa a prote\u00e7\u00e3o. Animais vacinados pela primeira vez geralmente precisam de dose inicial e refor\u00e7o, conforme a idade, o produto utilizado e a orienta\u00e7\u00e3o do m\u00e9dico-veterin\u00e1rio.<\/p>\n<p>Por isso, n\u00e3o \u00e9 poss\u00edvel comparar diretamente as quase 10 milh\u00f5es de doses liberadas em agosto com o tamanho total do rebanho e concluir que o volume \u00e9 suficiente ou insuficiente. A necessidade varia ao longo do ano e depende do hist\u00f3rico de vacina\u00e7\u00e3o, da categoria animal e dos riscos presentes em cada propriedade.<\/p>\n<p>A retomada das importa\u00e7\u00f5es reduziu o risco imediato de falta, mas a queda da produ\u00e7\u00e3o nacional mant\u00e9m o setor exposto a atrasos log\u00edsticos, oscila\u00e7\u00f5es cambiais e problemas nos pa\u00edses fornecedores. O desafio agora \u00e9 garantir que a oferta permane\u00e7a regular e chegue \u00e0s regi\u00f5es pecu\u00e1rias antes de ocorrerem falhas nos calend\u00e1rios de imuniza\u00e7\u00e3o.<\/p>\n<p>O Mapa informou que trabalha com a ind\u00fastria para ampliar a fabrica\u00e7\u00e3o no Pa\u00eds, viabilizar as importa\u00e7\u00f5es e acelerar a fiscaliza\u00e7\u00e3o e a libera\u00e7\u00e3o dos produtos. Para o produtor, a orienta\u00e7\u00e3o \u00e9 n\u00e3o substituir ou adiar o protocolo por conta pr\u00f3pria e procurar o m\u00e9dico-veterin\u00e1rio respons\u00e1vel para definir a vacina e o calend\u00e1rio adequados ao rebanho.<\/p>\n<p>&nbsp;<\/p>\n<p>&nbsp;<\/p>\n<p><a href=\"https:\/\/pensaragro.com.br\/brasil-importa-73-das-vacinas-contra-doenca-fatal-no-gado\/\">Pensar Agro<\/a><\/p>\n","protected":false},"excerpt":{"rendered":"<p>O Brasil colocou no mercado 9,98 milh\u00f5es de doses de vacinas contra clostridioses em agosto, &hellip;<\/p>\n","protected":false},"author":4,"featured_media":104205,"comment_status":"closed","ping_status":"open","sticky":false,"template":"","format":"standard","meta":{"footnotes":""},"categories":[48],"tags":[],"class_list":["post-104204","post","type-post","status-publish","format-standard","has-post-thumbnail","hentry","category-agro_cfnews"],"wps_subtitle":"","_links":{"self":[{"href":"https:\/\/www.cfnews.com.br\/portal\/wp-json\/wp\/v2\/posts\/104204","targetHints":{"allow":["GET"]}}],"collection":[{"href":"https:\/\/www.cfnews.com.br\/portal\/wp-json\/wp\/v2\/posts"}],"about":[{"href":"https:\/\/www.cfnews.com.br\/portal\/wp-json\/wp\/v2\/types\/post"}],"author":[{"embeddable":true,"href":"https:\/\/www.cfnews.com.br\/portal\/wp-json\/wp\/v2\/users\/4"}],"replies":[{"embeddable":true,"href":"https:\/\/www.cfnews.com.br\/portal\/wp-json\/wp\/v2\/comments?post=104204"}],"version-history":[{"count":1,"href":"https:\/\/www.cfnews.com.br\/portal\/wp-json\/wp\/v2\/posts\/104204\/revisions"}],"predecessor-version":[{"id":104206,"href":"https:\/\/www.cfnews.com.br\/portal\/wp-json\/wp\/v2\/posts\/104204\/revisions\/104206"}],"wp:featuredmedia":[{"embeddable":true,"href":"https:\/\/www.cfnews.com.br\/portal\/wp-json\/wp\/v2\/media\/104205"}],"wp:attachment":[{"href":"https:\/\/www.cfnews.com.br\/portal\/wp-json\/wp\/v2\/media?parent=104204"}],"wp:term":[{"taxonomy":"category","embeddable":true,"href":"https:\/\/www.cfnews.com.br\/portal\/wp-json\/wp\/v2\/categories?post=104204"},{"taxonomy":"post_tag","embeddable":true,"href":"https:\/\/www.cfnews.com.br\/portal\/wp-json\/wp\/v2\/tags?post=104204"}],"curies":[{"name":"wp","href":"https:\/\/api.w.org\/{rel}","templated":true}]}}