{"id":104206,"date":"2026-09-01T15:04:21","date_gmt":"2026-09-01T19:04:21","guid":{"rendered":"https:\/\/www.cfnews.com.br\/portal\/?p=104206"},"modified":"2026-09-01T15:04:21","modified_gmt":"2026-09-01T19:04:21","slug":"vista-alegre-novo-mundo-e-jardim-eldorado-recebem-servicos-de-zeladoria-do-vg-em-acao-nesta-terca-feira-01","status":"publish","type":"post","link":"https:\/\/www.cfnews.com.br\/portal\/vista-alegre-novo-mundo-e-jardim-eldorado-recebem-servicos-de-zeladoria-do-vg-em-acao-nesta-terca-feira-01\/","title":{"rendered":"Vista Alegre, Novo Mundo e Jardim Eldorado recebem servi\u00e7os de zeladoria do VG em A\u00e7\u00e3o nesta ter\u00e7a-feira (01)"},"content":{"rendered":"<p>A Prefeitura de V\u00e1rzea Grande, por meio da Secretaria Municipal de Servi\u00e7os P\u00fablicos e Mobilidade Urbana (SSPMU), realiza nesta ter\u00e7a-feira (1\u00ba.09) mais uma etapa do programa VG em A\u00e7\u00e3o, com equipes mobilizadas em diferentes regi\u00f5es do munic\u00edpio para executar servi\u00e7os de zeladoria, manuten\u00e7\u00e3o e mobilidade urbana.<\/p>\n<p>As a\u00e7\u00f5es incluem capina, ro\u00e7agem, poda de \u00e1rvores, retirada de entulhos, revitaliza\u00e7\u00e3o de espa\u00e7os p\u00fablicos e pintura de meio-fio, contribuindo para manter os bairros mais limpos, organizados e bem conservados.<\/p>\n<p>O cronograma tamb\u00e9m contempla servi\u00e7os voltados \u00e0 mobilidade urbana e \u00e0 seguran\u00e7a vi\u00e1ria, como refor\u00e7o da sinaliza\u00e7\u00e3o, implanta\u00e7\u00e3o de quebra-molas e melhorias na ilumina\u00e7\u00e3o p\u00fablica. As interven\u00e7\u00f5es beneficiam motoristas, ciclistas e pedestres e contribuem para tornar as vias mais seguras.<\/p>\n<p>As equipes seguem o cronograma definido pela SSPMU, com atua\u00e7\u00e3o direcionada conforme as necessidades identificadas em cada regi\u00e3o. O trabalho integra as a\u00e7\u00f5es permanentes da Prefeitura para melhorar a infraestrutura urbana e a qualidade dos espa\u00e7os p\u00fablicos de V\u00e1rzea Grande.<\/p>\n<p><strong>Locais atendidos nesta ter\u00e7a-feira (1\u00ba.09), em ordem alfab\u00e9tica:<\/strong><\/p>\n<p>\u2022 Avenida Ary Paes Barreto<br \/>\n\u2022 Avenida M\u00e1rio Andreazza<br \/>\n\u2022 Avenida Tiradentes<br \/>\n\u2022 Bairro Alameda<br \/>\n\u2022 Bairro Cristo Rei<br \/>\n\u2022 Bairro Jardim Eldorado<br \/>\n\u2022 Bairro Mapim<br \/>\n\u2022 Bairro Novo Mundo<br \/>\n\u2022 Bairro Vista Alegre<br \/>\n\u2022 Cohab Jos\u00e9 Carlos Guimar\u00e3es<br \/>\n\u2022 Vila Sadia<\/p>\n<p>&nbsp;<\/p>\n<p>&nbsp;<\/p>\n<p><a href=\"https:\/\/www.varzeagrande.mt.gov.br\/vista-alegre-novo-mundo-e-jardim-eldorado-recebem-servicos-de-zeladoria-do-vg-em-acao-nesta-terca-feira-01\">Prefeitura de VG<\/a><\/p>\n","protected":false},"excerpt":{"rendered":"<p>A Prefeitura de V\u00e1rzea Grande, por meio da Secretaria Municipal de Servi\u00e7os P\u00fablicos e Mobilidade &hellip;<\/p>\n","protected":false},"author":4,"featured_media":104207,"comment_status":"closed","ping_status":"open","sticky":false,"template":"","format":"standard","meta":{"footnotes":""},"categories":[14],"tags":[],"class_list":["post-104206","post","type-post","status-publish","format-standard","has-post-thumbnail","hentry","category-mato-grosso"],"wps_subtitle":"","_links":{"self":[{"href":"https:\/\/www.cfnews.com.br\/portal\/wp-json\/wp\/v2\/posts\/104206","targetHints":{"allow":["GET"]}}],"collection":[{"href":"https:\/\/www.cfnews.com.br\/portal\/wp-json\/wp\/v2\/posts"}],"about":[{"href":"https:\/\/www.cfnews.com.br\/portal\/wp-json\/wp\/v2\/types\/post"}],"author":[{"embeddable":true,"href":"https:\/\/www.cfnews.com.br\/portal\/wp-json\/wp\/v2\/users\/4"}],"replies":[{"embeddable":true,"href":"https:\/\/www.cfnews.com.br\/portal\/wp-json\/wp\/v2\/comments?post=104206"}],"version-history":[{"count":1,"href":"https:\/\/www.cfnews.com.br\/portal\/wp-json\/wp\/v2\/posts\/104206\/revisions"}],"predecessor-version":[{"id":104208,"href":"https:\/\/www.cfnews.com.br\/portal\/wp-json\/wp\/v2\/posts\/104206\/revisions\/104208"}],"wp:featuredmedia":[{"embeddable":true,"href":"https:\/\/www.cfnews.com.br\/portal\/wp-json\/wp\/v2\/media\/104207"}],"wp:attachment":[{"href":"https:\/\/www.cfnews.com.br\/portal\/wp-json\/wp\/v2\/media?parent=104206"}],"wp:term":[{"taxonomy":"category","embeddable":true,"href":"https:\/\/www.cfnews.com.br\/portal\/wp-json\/wp\/v2\/categories?post=104206"},{"taxonomy":"post_tag","embeddable":true,"href":"https:\/\/www.cfnews.com.br\/portal\/wp-json\/wp\/v2\/tags?post=104206"}],"curies":[{"name":"wp","href":"https:\/\/api.w.org\/{rel}","templated":true}]}}