{"id":104210,"date":"2026-09-03T09:44:45","date_gmt":"2026-09-03T13:44:45","guid":{"rendered":"https:\/\/www.cfnews.com.br\/portal\/?p=104210"},"modified":"2026-09-03T09:44:45","modified_gmt":"2026-09-03T13:44:45","slug":"gilberto-ve-risco-de-politizacao-em-cpi-da-pandemia","status":"publish","type":"post","link":"https:\/\/www.cfnews.com.br\/portal\/gilberto-ve-risco-de-politizacao-em-cpi-da-pandemia\/","title":{"rendered":"Gilberto v\u00ea risco de politiza\u00e7\u00e3o em CPI da pandemia"},"content":{"rendered":"<p>O ex-secret\u00e1rio de Sa\u00fade de Mato Grosso Gilberto Figueiredo, candidato a deputado estadual, afirmou que a instala\u00e7\u00e3o de uma CPI para investigar atos da gest\u00e3o durante a pandemia, anos ap\u00f3s os fatos, pode transmitir a impress\u00e3o de motiva\u00e7\u00e3o pol\u00edtica. A comiss\u00e3o teve os trabalhos suspensos durante o per\u00edodo eleitoral, e o ex-secret\u00e1rio defendeu que a apura\u00e7\u00e3o seja conduzida de forma t\u00e9cnica.<\/p>\n<p>Gilberto questionou o intervalo entre os acontecimentos e a abertura da investiga\u00e7\u00e3o, lembrando que a pandemia teve seu per\u00edodo mais cr\u00edtico entre 2020 e 2021. \u201cQuase seis anos depois se resolve apurar os atos praticados na gest\u00e3o, cinco anos depois. Ent\u00e3o, \u00e9 l\u00f3gico que, de certa forma, pode parecer que existe uma inten\u00e7\u00e3o pol\u00edtica\u201d, afirmou.<\/p>\n<p>Apesar da ressalva, o ex-secret\u00e1rio disse acreditar na promessa do presidente da comiss\u00e3o, deputado Wilson Santos, de que os trabalhos ter\u00e3o car\u00e1ter t\u00e9cnico. Gilberto afirmou ainda que est\u00e1 disposto a comparecer e explicar as decis\u00f5es tomadas enquanto comandava a Sa\u00fade. \u201cSendo t\u00e9cnica, eu, como secret\u00e1rio, tenho a obriga\u00e7\u00e3o de vir aqui e prestar [esclarecimentos]\u201d, disse.<\/p>\n<div>\n<div class=\"centered-text-area\">\n<div class=\"centered-text\">\n<div class=\"u89517bcf7eec716b52faf92c2dca6933-content\"><span class=\"ctaText\">Leia Tamb\u00e9m:<\/span>\u00a0\u00a0<span class=\"postTitle\">Homem \u00e9 encontrado morto dentro de casa em avan\u00e7ado estado de decomposi\u00e7\u00e3o<\/span><\/div>\n<\/div>\n<\/div>\n<div class=\"ctaButton\"><\/div>\n<\/div>\n<p>Candidato \u00e0 Assembleia, Gilberto reconheceu o desconforto de ser chamado a explicar decis\u00f5es tomadas durante a crise sanit\u00e1ria, mas negou sofrer persegui\u00e7\u00e3o pol\u00edtica. \u201cN\u00e3o sinto isso, perseguido por ningu\u00e9m. Eu acho que \u00e9 uma atribui\u00e7\u00e3o da Assembleia Legislativa\u201d, declarou. Na sequ\u00eancia, defendeu a atua\u00e7\u00e3o de sua gest\u00e3o e afirmou ter orgulho das a\u00e7\u00f5es realizadas \u00e0 frente da pasta.<\/p>\n","protected":false},"excerpt":{"rendered":"<p>O ex-secret\u00e1rio de Sa\u00fade de Mato Grosso Gilberto Figueiredo, candidato a deputado estadual, afirmou que &hellip;<\/p>\n","protected":false},"author":4,"featured_media":104211,"comment_status":"closed","ping_status":"open","sticky":false,"template":"","format":"standard","meta":{"footnotes":""},"categories":[1],"tags":[],"class_list":["post-104210","post","type-post","status-publish","format-standard","has-post-thumbnail","hentry","category-cf-news"],"wps_subtitle":"","_links":{"self":[{"href":"https:\/\/www.cfnews.com.br\/portal\/wp-json\/wp\/v2\/posts\/104210","targetHints":{"allow":["GET"]}}],"collection":[{"href":"https:\/\/www.cfnews.com.br\/portal\/wp-json\/wp\/v2\/posts"}],"about":[{"href":"https:\/\/www.cfnews.com.br\/portal\/wp-json\/wp\/v2\/types\/post"}],"author":[{"embeddable":true,"href":"https:\/\/www.cfnews.com.br\/portal\/wp-json\/wp\/v2\/users\/4"}],"replies":[{"embeddable":true,"href":"https:\/\/www.cfnews.com.br\/portal\/wp-json\/wp\/v2\/comments?post=104210"}],"version-history":[{"count":1,"href":"https:\/\/www.cfnews.com.br\/portal\/wp-json\/wp\/v2\/posts\/104210\/revisions"}],"predecessor-version":[{"id":104212,"href":"https:\/\/www.cfnews.com.br\/portal\/wp-json\/wp\/v2\/posts\/104210\/revisions\/104212"}],"wp:featuredmedia":[{"embeddable":true,"href":"https:\/\/www.cfnews.com.br\/portal\/wp-json\/wp\/v2\/media\/104211"}],"wp:attachment":[{"href":"https:\/\/www.cfnews.com.br\/portal\/wp-json\/wp\/v2\/media?parent=104210"}],"wp:term":[{"taxonomy":"category","embeddable":true,"href":"https:\/\/www.cfnews.com.br\/portal\/wp-json\/wp\/v2\/categories?post=104210"},{"taxonomy":"post_tag","embeddable":true,"href":"https:\/\/www.cfnews.com.br\/portal\/wp-json\/wp\/v2\/tags?post=104210"}],"curies":[{"name":"wp","href":"https:\/\/api.w.org\/{rel}","templated":true}]}}