{"id":104212,"date":"2026-09-01T15:09:44","date_gmt":"2026-09-01T19:09:44","guid":{"rendered":"https:\/\/www.cfnews.com.br\/portal\/?p=104212"},"modified":"2026-09-01T15:09:44","modified_gmt":"2026-09-01T19:09:44","slug":"cuiaba-convoca-profissionais-para-primeiro-forum-entre-nos-sobre-saude-mental","status":"publish","type":"post","link":"https:\/\/www.cfnews.com.br\/portal\/cuiaba-convoca-profissionais-para-primeiro-forum-entre-nos-sobre-saude-mental\/","title":{"rendered":"Cuiab\u00e1 convoca profissionais para primeiro F\u00f3rum Entre N\u00f3s sobre sa\u00fade mental"},"content":{"rendered":"<p>A Prefeitura de Cuiab\u00e1, por meio da Secretaria Municipal de Sa\u00fade (SMS), da Secretaria Adjunta de Aten\u00e7\u00e3o Especializada e da Diretoria de Sa\u00fade Mental, convida os profissionais que atuam na rede municipal para participar do primeiro encontro do F\u00f3rum Entre N\u00f3s, iniciativa criada para ampliar a troca de experi\u00eancias e fortalecer a integra\u00e7\u00e3o entre os servi\u00e7os de sa\u00fade mental.<\/p>\n<p>O encontro ser\u00e1 realizado no dia 24 de setembro, \u00e0s 14h, no audit\u00f3rio da Faculdade de Administra\u00e7\u00e3o e Ci\u00eancias Cont\u00e1beis (FACC) da Universidade Federal de Mato Grosso (UFMT). Os profissionais interessados e previamente liberados para participa\u00e7\u00e3o devem realizar a inscri\u00e7\u00e3o at\u00e9 o dia 15 de setembro de 2026, por meio do formul\u00e1rio dispon\u00edvel\u00a0<a href=\"http:\/\/docs.google.com\/forms\/d\/e\/1FAIpQLSfPoL-H9P_K1aU_jnMKfJAH2M13RYhVdghm3sZHybdWf9xLlw\/viewform\">neste link.<\/a><\/p>\n<p>A iniciativa re\u00fane profissionais de diferentes pontos da Rede de Aten\u00e7\u00e3o Psicossocial (RAPS), incluindo Centros de Aten\u00e7\u00e3o Psicossocial (CAPS), Unidades de Pronto Atendimento (UPAs), Unidades B\u00e1sicas de Sa\u00fade (UBSs) e unidades hospitalares.<\/p>\n<p>A proposta do F\u00f3rum Entre N\u00f3s \u00e9 criar um espa\u00e7o permanente para discuss\u00e3o de casos reais, esclarecimento de d\u00favidas, troca de experi\u00eancias e constru\u00e7\u00e3o conjunta de estrat\u00e9gias para qualificar o atendimento em sa\u00fade mental.<\/p>\n<p>A cria\u00e7\u00e3o do f\u00f3rum ocorreu ap\u00f3s um diagn\u00f3stico realizado pela Diretoria de Sa\u00fade Mental apontar dificuldades na comunica\u00e7\u00e3o entre os servi\u00e7os e na corresponsabiliza\u00e7\u00e3o dos casos. Durante capacita\u00e7\u00f5es realizadas com profissionais da rede, a necessidade de ampliar os espa\u00e7os de di\u00e1logo tamb\u00e9m foi levantada pelas pr\u00f3prias equipes.<\/p>\n<p>Os encontros ser\u00e3o realizados mensalmente, sempre na \u00faltima quinta-feira de cada m\u00eas, no per\u00edodo vespertino. A cada edi\u00e7\u00e3o, os casos discutidos ser\u00e3o relacionados a uma das regionais de Cuiab\u00e1, em sistema de rod\u00edzio. A participa\u00e7\u00e3o, por\u00e9m, ser\u00e1 aberta aos profissionais de toda a rede, independentemente da regional de atua\u00e7\u00e3o.<\/p>\n<p>Al\u00e9m de promover a educa\u00e7\u00e3o permanente, o f\u00f3rum busca melhorar os fluxos entre os servi\u00e7os, fortalecer os processos de refer\u00eancia e contrarrefer\u00eancia e ampliar a corresponsabiliza\u00e7\u00e3o dos profissionais no acompanhamento dos usu\u00e1rios.<\/p>\n<p>SERVI\u00c7O<\/p>\n<p>F\u00f3rum Entre N\u00f3s<br \/>\nData: 24 de setembro de 2026<br \/>\nHor\u00e1rio: 14h<br \/>\nLocal: Audit\u00f3rio da FACC\/UFMT<br \/>\nP\u00fablico: profissionais dos diferentes servi\u00e7os da Rede de Aten\u00e7\u00e3o Psicossocial de Cuiab\u00e1<br \/>\nInscri\u00e7\u00f5es: at\u00e9 15 de setembro de 2026<br \/>\nOnde se inscrever: https:\/\/forms.gle\/BiqJFUEf1WuXmg9h8<\/p>\n<p>&nbsp;<\/p>\n<p>&nbsp;<\/p>\n<p><a href=\"https:\/\/www.cuiaba.mt.gov.br\/noticias\/cuiaba-convoca-profissionais-para-primeiro-forum-entre-nos-sobre-saude-mental\">Prefeitura de Cuiab\u00e1<\/a><\/p>\n","protected":false},"excerpt":{"rendered":"<p>A Prefeitura de Cuiab\u00e1, por meio da Secretaria Municipal de Sa\u00fade (SMS), da Secretaria Adjunta &hellip;<\/p>\n","protected":false},"author":4,"featured_media":104213,"comment_status":"closed","ping_status":"open","sticky":false,"template":"","format":"standard","meta":{"footnotes":""},"categories":[1],"tags":[],"class_list":["post-104212","post","type-post","status-publish","format-standard","has-post-thumbnail","hentry","category-cf-news"],"wps_subtitle":"","_links":{"self":[{"href":"https:\/\/www.cfnews.com.br\/portal\/wp-json\/wp\/v2\/posts\/104212","targetHints":{"allow":["GET"]}}],"collection":[{"href":"https:\/\/www.cfnews.com.br\/portal\/wp-json\/wp\/v2\/posts"}],"about":[{"href":"https:\/\/www.cfnews.com.br\/portal\/wp-json\/wp\/v2\/types\/post"}],"author":[{"embeddable":true,"href":"https:\/\/www.cfnews.com.br\/portal\/wp-json\/wp\/v2\/users\/4"}],"replies":[{"embeddable":true,"href":"https:\/\/www.cfnews.com.br\/portal\/wp-json\/wp\/v2\/comments?post=104212"}],"version-history":[{"count":1,"href":"https:\/\/www.cfnews.com.br\/portal\/wp-json\/wp\/v2\/posts\/104212\/revisions"}],"predecessor-version":[{"id":104214,"href":"https:\/\/www.cfnews.com.br\/portal\/wp-json\/wp\/v2\/posts\/104212\/revisions\/104214"}],"wp:featuredmedia":[{"embeddable":true,"href":"https:\/\/www.cfnews.com.br\/portal\/wp-json\/wp\/v2\/media\/104213"}],"wp:attachment":[{"href":"https:\/\/www.cfnews.com.br\/portal\/wp-json\/wp\/v2\/media?parent=104212"}],"wp:term":[{"taxonomy":"category","embeddable":true,"href":"https:\/\/www.cfnews.com.br\/portal\/wp-json\/wp\/v2\/categories?post=104212"},{"taxonomy":"post_tag","embeddable":true,"href":"https:\/\/www.cfnews.com.br\/portal\/wp-json\/wp\/v2\/tags?post=104212"}],"curies":[{"name":"wp","href":"https:\/\/api.w.org\/{rel}","templated":true}]}}