{"id":104213,"date":"2026-09-03T09:46:29","date_gmt":"2026-09-03T13:46:29","guid":{"rendered":"https:\/\/www.cfnews.com.br\/portal\/?p=104213"},"modified":"2026-09-03T09:46:29","modified_gmt":"2026-09-03T13:46:29","slug":"palmeiras-segura-santos-e-vai-a-semifinal","status":"publish","type":"post","link":"https:\/\/www.cfnews.com.br\/portal\/palmeiras-segura-santos-e-vai-a-semifinal\/","title":{"rendered":"Palmeiras segura Santos e vai \u00e0 semifinal"},"content":{"rendered":"<p>O Palmeiras avan\u00e7ou \u00e0s semifinais da Copa do Brasil ap\u00f3s empatar por 0 a 0 com o Santos nesta quarta-feira (2), na Vila Belmiro. O resultado foi suficiente para confirmar a classifica\u00e7\u00e3o, j\u00e1 que o time de Abel Ferreira havia vencido o jogo de ida por 3 a 0. Na pr\u00f3xima fase, o Verd\u00e3o enfrentar\u00e1 o Vasco.<\/p>\n<p>Precisando reverter uma desvantagem de tr\u00eas gols, o Santos come\u00e7ou pressionando e teve maior posse de bola durante boa parte da partida. Neymar chegou a levar perigo em cobran\u00e7a de falta, mas Carlos Miguel fez a defesa. O Palmeiras tamb\u00e9m criou uma oportunidade antes do intervalo, quando Maur\u00edcio desperdi\u00e7ou o rebote ap\u00f3s defesa de Gabriel Braz\u00e3o.<\/p>\n<p>Neymar deixou o campo no intervalo com dores na coxa direita, e o Santos teve dificuldades para transformar o dom\u00ednio territorial em chances claras de gol. O Palmeiras recuou, fechou os espa\u00e7os e passou a explorar os contra-ataques. A melhor oportunidade da equipe visitante no segundo tempo veio com Vitor Roque, que cabeceou para fora.<\/p>\n<p>Com o empate sem gols, o Palmeiras administrou a vantagem constru\u00edda no primeiro confronto e garantiu presen\u00e7a entre os quatro melhores da competi\u00e7\u00e3o. As semifinais est\u00e3o previstas para as primeiras semanas de novembro. Antes disso, os dois times voltam as aten\u00e7\u00f5es para o Brasileir\u00e3o no domingo: o Santos visita o Internacional, \u00e0s 16h, enquanto o Palmeiras enfrenta o Botafogo, \u00e0s 18h30, no Rio.<\/p>\n","protected":false},"excerpt":{"rendered":"<p>O Palmeiras avan\u00e7ou \u00e0s semifinais da Copa do Brasil ap\u00f3s empatar por 0 a 0 &hellip;<\/p>\n","protected":false},"author":4,"featured_media":104214,"comment_status":"closed","ping_status":"open","sticky":false,"template":"","format":"standard","meta":{"footnotes":""},"categories":[174],"tags":[],"class_list":["post-104213","post","type-post","status-publish","format-standard","has-post-thumbnail","hentry","category-esporte"],"wps_subtitle":"","_links":{"self":[{"href":"https:\/\/www.cfnews.com.br\/portal\/wp-json\/wp\/v2\/posts\/104213","targetHints":{"allow":["GET"]}}],"collection":[{"href":"https:\/\/www.cfnews.com.br\/portal\/wp-json\/wp\/v2\/posts"}],"about":[{"href":"https:\/\/www.cfnews.com.br\/portal\/wp-json\/wp\/v2\/types\/post"}],"author":[{"embeddable":true,"href":"https:\/\/www.cfnews.com.br\/portal\/wp-json\/wp\/v2\/users\/4"}],"replies":[{"embeddable":true,"href":"https:\/\/www.cfnews.com.br\/portal\/wp-json\/wp\/v2\/comments?post=104213"}],"version-history":[{"count":1,"href":"https:\/\/www.cfnews.com.br\/portal\/wp-json\/wp\/v2\/posts\/104213\/revisions"}],"predecessor-version":[{"id":104215,"href":"https:\/\/www.cfnews.com.br\/portal\/wp-json\/wp\/v2\/posts\/104213\/revisions\/104215"}],"wp:featuredmedia":[{"embeddable":true,"href":"https:\/\/www.cfnews.com.br\/portal\/wp-json\/wp\/v2\/media\/104214"}],"wp:attachment":[{"href":"https:\/\/www.cfnews.com.br\/portal\/wp-json\/wp\/v2\/media?parent=104213"}],"wp:term":[{"taxonomy":"category","embeddable":true,"href":"https:\/\/www.cfnews.com.br\/portal\/wp-json\/wp\/v2\/categories?post=104213"},{"taxonomy":"post_tag","embeddable":true,"href":"https:\/\/www.cfnews.com.br\/portal\/wp-json\/wp\/v2\/tags?post=104213"}],"curies":[{"name":"wp","href":"https:\/\/api.w.org\/{rel}","templated":true}]}}