{"id":104215,"date":"2026-09-01T15:11:55","date_gmt":"2026-09-01T19:11:55","guid":{"rendered":"https:\/\/www.cfnews.com.br\/portal\/?p=104215"},"modified":"2026-09-01T15:11:55","modified_gmt":"2026-09-01T19:11:55","slug":"siminina-promove-palestras-de-valorizacao-da-vida-e-fortalecimento-emocional-para-criancas-e-adolescentes","status":"publish","type":"post","link":"https:\/\/www.cfnews.com.br\/portal\/siminina-promove-palestras-de-valorizacao-da-vida-e-fortalecimento-emocional-para-criancas-e-adolescentes\/","title":{"rendered":"Siminina promove palestras de valoriza\u00e7\u00e3o da vida e fortalecimento emocional para crian\u00e7as e adolescentes"},"content":{"rendered":"<p>A Prefeitura de Cuiab\u00e1, por meio do Programa Siminina, iniciou nesta ter\u00e7a-feira (1\u00ba) uma programa\u00e7\u00e3o especial em alus\u00e3o ao Setembro Amarelo, campanha de preven\u00e7\u00e3o ao suic\u00eddio e valoriza\u00e7\u00e3o da vida. A iniciativa \u00e9 realizada em parceria com a Pol\u00edcia Militar, por meio do N\u00facleo de Assist\u00eancia Social do 1\u00ba Comando Regional de Cuiab\u00e1, e busca levar informa\u00e7\u00f5es sobre sa\u00fade emocional para crian\u00e7as e adolescentes atendidas pelo programa.<\/p>\n<p>A primeira a\u00e7\u00e3o ocorreu na unidade do Siminina do Pedregal, com atividades realizadas nos per\u00edodos da manh\u00e3 e da tarde. A programa\u00e7\u00e3o foi pensada de forma l\u00fadica e adequada \u00e0 faixa et\u00e1ria das participantes, com foco no reconhecimento das emo\u00e7\u00f5es, fortalecimento dos v\u00ednculos familiares e sociais, valoriza\u00e7\u00e3o da vida e identifica\u00e7\u00e3o de redes de apoio.<\/p>\n<p>O secret\u00e1rio adjunto de Seguran\u00e7a Municipal, Hudson Campos, acompanhou a atividade e destacou a import\u00e2ncia de levar a mensagem de cuidado e acolhimento para as participantes.<\/p>\n<p>\u201cHoje estamos no Programa Siminina, em uma palestra alusiva ao Setembro Amarelo. Falar sobre valoriza\u00e7\u00e3o da vida \u00e9 falar sobre cuidado, acolhimento e esperan\u00e7a. Se voc\u00ea estiver passando por um momento dif\u00edcil, procure algu\u00e9m de confian\u00e7a e pe\u00e7a ajuda. Que o Setembro Amarelo n\u00e3o seja apenas uma campanha de um m\u00eas, mas um compromisso permanente com a vida, com o respeito e com o cuidado\u201d, afirmou.<\/p>\n<p>De acordo com o terceiro sargento da Pol\u00edcia Militar, psic\u00f3logo e gerente do N\u00facleo de Assist\u00eancia Social do 1\u00ba Comando Regional, Rodolfo Augusto Fernandes, a abordagem com as crian\u00e7as precisa considerar o momento de desenvolvimento em que elas est\u00e3o.<\/p>\n<p>\u201cPara essa faixa et\u00e1ria, o tema tem um conte\u00fado mais l\u00fadico. O entendimento sobre o Setembro Amarelo n\u00e3o envolve exatamente o suic\u00eddio, mas o fortalecimento dos la\u00e7os afetivos, das rela\u00e7\u00f5es de apoio familiar e da valoriza\u00e7\u00e3o da vida\u201d, explicou.<\/p>\n<p>Durante a atividade, as meninas s\u00e3o estimuladas a reconhecer e expressar sentimentos, compreender suas pr\u00f3prias capacidades e desenvolver autonomia para lidar de maneira mais saud\u00e1vel com diferentes situa\u00e7\u00f5es.<\/p>\n<p>A monitora da unidade, Juliamele Figueiredo do Nascimento, tamb\u00e9m destacou a import\u00e2ncia de ensinar \u00e0s participantes como reconhecer suas emo\u00e7\u00f5es e buscar ajuda quando necess\u00e1rio.<\/p>\n<p>\u201c\u00c9 muito importante para elas saberem o momento certo e como pedir socorro. Eles trabalham bastante as emo\u00e7\u00f5es, como identificar o momento de tristeza e quando elas se encontram em perigo\u201d, afirmou.<\/p>\n<p>Programa\u00e7\u00e3o<\/p>\n<p>A campanha de preven\u00e7\u00e3o ao suic\u00eddio do Setembro Amarelo ser\u00e1 realizada em todas as unidades do Siminina, de acordo com o\u00a0planejamento anual.\u00a0As palestras ser\u00e3o ministradas pela psic\u00f3loga da Pol\u00edcia Militar, subtenente Rosana, e pelo psic\u00f3logo e terceiro sargento Fernandes.<\/p>\n<p>Ap\u00f3s a a\u00e7\u00e3o realizada nesta ter\u00e7a-feira (1\u00ba), no Pedregal, est\u00e3o previstas atividades nas unidades Pascoal Ramos, no dia 9 de setembro; Primeiro de Mar\u00e7o, no dia 14; e Santa Isabel, no dia 23. Em todas as datas, est\u00e3o previstas atividades nos per\u00edodos da manh\u00e3 e da tarde.<\/p>\n<p>A iniciativa refor\u00e7a a import\u00e2ncia de abordar a sa\u00fade emocional desde a inf\u00e2ncia, criando espa\u00e7os seguros para que crian\u00e7as e adolescentes possam reconhecer seus sentimentos, fortalecer v\u00ednculos e compreender que pedir ajuda \u00e9 uma atitude de cuidado e prote\u00e7\u00e3o.<\/p>\n<p>&nbsp;<\/p>\n<p>&nbsp;<\/p>\n<p><a href=\"https:\/\/www.cuiaba.mt.gov.br\/noticias\/siminina-promove-palestras-de-valorizacao-da-vida-e-fortalecimento-emocional-para-criancas-e-adolescentes\">Prefeitura de Cuiab\u00e1<\/a><\/p>\n","protected":false},"excerpt":{"rendered":"<p>A Prefeitura de Cuiab\u00e1, por meio do Programa Siminina, iniciou nesta ter\u00e7a-feira (1\u00ba) uma programa\u00e7\u00e3o &hellip;<\/p>\n","protected":false},"author":4,"featured_media":104216,"comment_status":"closed","ping_status":"open","sticky":false,"template":"","format":"standard","meta":{"footnotes":""},"categories":[1],"tags":[],"class_list":["post-104215","post","type-post","status-publish","format-standard","has-post-thumbnail","hentry","category-cf-news"],"wps_subtitle":"","_links":{"self":[{"href":"https:\/\/www.cfnews.com.br\/portal\/wp-json\/wp\/v2\/posts\/104215","targetHints":{"allow":["GET"]}}],"collection":[{"href":"https:\/\/www.cfnews.com.br\/portal\/wp-json\/wp\/v2\/posts"}],"about":[{"href":"https:\/\/www.cfnews.com.br\/portal\/wp-json\/wp\/v2\/types\/post"}],"author":[{"embeddable":true,"href":"https:\/\/www.cfnews.com.br\/portal\/wp-json\/wp\/v2\/users\/4"}],"replies":[{"embeddable":true,"href":"https:\/\/www.cfnews.com.br\/portal\/wp-json\/wp\/v2\/comments?post=104215"}],"version-history":[{"count":1,"href":"https:\/\/www.cfnews.com.br\/portal\/wp-json\/wp\/v2\/posts\/104215\/revisions"}],"predecessor-version":[{"id":104217,"href":"https:\/\/www.cfnews.com.br\/portal\/wp-json\/wp\/v2\/posts\/104215\/revisions\/104217"}],"wp:featuredmedia":[{"embeddable":true,"href":"https:\/\/www.cfnews.com.br\/portal\/wp-json\/wp\/v2\/media\/104216"}],"wp:attachment":[{"href":"https:\/\/www.cfnews.com.br\/portal\/wp-json\/wp\/v2\/media?parent=104215"}],"wp:term":[{"taxonomy":"category","embeddable":true,"href":"https:\/\/www.cfnews.com.br\/portal\/wp-json\/wp\/v2\/categories?post=104215"},{"taxonomy":"post_tag","embeddable":true,"href":"https:\/\/www.cfnews.com.br\/portal\/wp-json\/wp\/v2\/tags?post=104215"}],"curies":[{"name":"wp","href":"https:\/\/api.w.org\/{rel}","templated":true}]}}