{"id":104217,"date":"2026-09-04T08:48:10","date_gmt":"2026-09-04T12:48:10","guid":{"rendered":"https:\/\/www.cfnews.com.br\/portal\/?p=104217"},"modified":"2026-09-04T08:48:10","modified_gmt":"2026-09-04T12:48:10","slug":"cuiaba-oficializa-parceria-com-hospital-otorrino-para-ampliar-atendimento-especializado-pelo-sus","status":"publish","type":"post","link":"https:\/\/www.cfnews.com.br\/portal\/cuiaba-oficializa-parceria-com-hospital-otorrino-para-ampliar-atendimento-especializado-pelo-sus\/","title":{"rendered":"Cuiab\u00e1 oficializa parceria com Hospital Otorrino para ampliar atendimento especializado pelo SUS"},"content":{"rendered":"<p>A Prefeitura de Cuiab\u00e1, por meio da Secretaria Municipal de Sa\u00fade, oficializou a parceria com o Hospital Otorrino, por meio do programa Fila Zero, iniciativa do Governo de Mato Grosso voltada \u00e0 redu\u00e7\u00e3o da fila de espera por cirurgias e procedimentos especializados. A solenidade de formaliza\u00e7\u00e3o contou com a presen\u00e7a do prefeito de Cuiab\u00e1, Abilio Brunini, da secret\u00e1ria municipal de Sa\u00fade, Deisi Bocalon, al\u00e9m de vereadores, secret\u00e1rios adjuntos e demais autoridades, nesta quinta-feira (3).<\/p>\n<p>O programa Fila Zero tem como objetivo ampliar o acesso da popula\u00e7\u00e3o aos servi\u00e7os especializados e reduzir a demanda reprimida por cirurgias em diversas \u00e1reas, como oftalmologia, ortopedia, ginecologia e urologia, entre outras. Em Cuiab\u00e1, a parceria com o Hospital Otorrino amplia a oferta de consultas, exames, procedimentos e cirurgias de otorrinolaringologia pela rede p\u00fablica.<\/p>\n<p>A iniciativa integra as a\u00e7\u00f5es voltadas ao fortalecimento da assist\u00eancia especializada e busca ampliar a capacidade de atendimento da rede p\u00fablica, dando andamento \u00e0 demanda de pacientes que aguardam por servi\u00e7os de otorrinolaringologia.<\/p>\n<p>Durante a solenidade, o prefeito Abilio Brunini destacou a import\u00e2ncia da uni\u00e3o entre o poder p\u00fablico e a iniciativa hospitalar para ampliar o acesso da popula\u00e7\u00e3o aos servi\u00e7os de sa\u00fade.<\/p>\n<p>\u201cA sa\u00fade precisa de solu\u00e7\u00f5es concretas e de parcerias que tragam resultado para quem est\u00e1 esperando atendimento. Essa parceria com o Hospital Otorrino representa justamente isso: ampliar a nossa capacidade, utilizar uma estrutura que \u00e9 refer\u00eancia e fazer com que mais cuiabanos tenham acesso a consultas, exames, procedimentos e cirurgias. Estamos trabalhando para reduzir as filas e melhorar cada vez mais o atendimento oferecido pelo SUS em Cuiab\u00e1\u201d, afirmou.<\/p>\n<p>A parceria prev\u00ea a integra\u00e7\u00e3o entre as equipes do Hospital Otorrino, da Secretaria Municipal de Sa\u00fade e da Central de Regula\u00e7\u00e3o, com organiza\u00e7\u00e3o dos fluxos de atendimento, encaminhamentos e registros dos pacientes. A medida busca garantir que a demanda seja direcionada de forma adequada e que os servi\u00e7os sejam realizados de maneira organizada.<\/p>\n<p>A otorrinolaringologia \u00e9 a especialidade respons\u00e1vel pelo diagn\u00f3stico e tratamento de doen\u00e7as que afetam o ouvido, nariz e garganta. Entre os atendimentos est\u00e3o problemas como amigdalite, aumento das am\u00edgdalas e adenoides, sinusite, rinite, desvio de septo, infec\u00e7\u00f5es de ouvido, perda auditiva, al\u00e9m de altera\u00e7\u00f5es relacionadas \u00e0 voz e \u00e0 respira\u00e7\u00e3o. A \u00e1rea tamb\u00e9m contempla procedimentos cir\u00fargicos, como retirada das am\u00edgdalas e adenoides, cirurgias nasais e outros tratamentos indicados conforme a necessidade de cada paciente.<\/p>\n<p>A secret\u00e1ria municipal de Sa\u00fade, Deisi Bocalon, ressaltou que a parceria representa um avan\u00e7o na oferta de atendimento especializado e refor\u00e7ou o trabalho conjunto entre a Secretaria Municipal de Sa\u00fade, a regula\u00e7\u00e3o e o hospital.<\/p>\n<p>\u201cEstamos avan\u00e7ando na constru\u00e7\u00e3o de uma rede cada vez mais preparada para atender a popula\u00e7\u00e3o. Essa parceria nos permite ampliar a oferta de servi\u00e7os de otorrinolaringologia e atender pacientes que aguardam por consultas, exames, procedimentos e cirurgias. \u00c9 um trabalho que exige organiza\u00e7\u00e3o, planejamento e integra\u00e7\u00e3o das equipes, e estamos empenhados para que esse atendimento chegue ao cidad\u00e3o da melhor forma poss\u00edvel\u201d, destacou Deisi.<\/p>\n<p>O diretor executivo do Hospital Otorrino, Marcelo Laabs, afirmou que a institui\u00e7\u00e3o est\u00e1 preparada para contribuir com a amplia\u00e7\u00e3o da assist\u00eancia e destacou a import\u00e2ncia da integra\u00e7\u00e3o com a rede municipal.<\/p>\n<p>\u201cPara n\u00f3s, \u00e9 uma satisfa\u00e7\u00e3o poder participar desse projeto e contribuir com a sa\u00fade p\u00fablica de Cuiab\u00e1. O Hospital Otorrino tem uma estrutura especializada e uma equipe preparada, e essa parceria permite colocar essa capacidade \u00e0 disposi\u00e7\u00e3o da popula\u00e7\u00e3o. O alinhamento com a Secretaria de Sa\u00fade e com a regula\u00e7\u00e3o ser\u00e1 fundamental para que o fluxo dos pacientes aconte\u00e7a de maneira organizada e eficiente\u201d, afirmou.<\/p>\n<p>A vereadora Dra. Mara tamb\u00e9m destacou a import\u00e2ncia da parceria e classificou o Hospital Otorrino como uma refer\u00eancia na \u00e1rea de atua\u00e7\u00e3o.<\/p>\n<p>\u201cO Hospital Otorrino \u00e9 uma refer\u00eancia e poder contar com essa estrutura para ampliar o atendimento pelo SUS \u00e9 muito importante para Cuiab\u00e1. Estamos falando de pacientes que muitas vezes aguardam por muito tempo por uma consulta, um exame ou uma cirurgia. Essa parceria representa uma oportunidade de ampliar o atendimento e levar mais resolutividade para a popula\u00e7\u00e3o\u201d, afirmou a parlamentar.<\/p>\n<p>A solenidade tamb\u00e9m refor\u00e7ou a atua\u00e7\u00e3o integrada da gest\u00e3o municipal na \u00e1rea da sa\u00fade. Estiveram presentes a secret\u00e1ria municipal de Comunica\u00e7\u00e3o, Ana Karla Costa; a secret\u00e1ria adjunta de Aten\u00e7\u00e3o Prim\u00e1ria, Cinara Brito; o secret\u00e1rio adjunto de Aten\u00e7\u00e3o Secund\u00e1ria, Odair Mendon\u00e7a; a secret\u00e1ria adjunta de Aten\u00e7\u00e3o Especializada, Najla Brito; a secret\u00e1ria adjunta de Aten\u00e7\u00e3o Farmac\u00eautica, Claudia Braga; a secret\u00e1ria adjunta de Aten\u00e7\u00e3o Hospitalar e Complexo Regulador, Erika Carvalho; a secret\u00e1ria adjunta de Sa\u00fade Bucal, Cristhiane Leite; e a secret\u00e1ria adjunta de Gest\u00e3o, Loicy Cunha.<\/p>\n<p>Tamb\u00e9m participaram da solenidade a vereadora Baixinha Giraldelli e o vereador Coronel Dias.<\/p>\n<p>Com a formaliza\u00e7\u00e3o da parceria pelo programa Fila Zero, a Prefeitura de Cuiab\u00e1 amplia a integra\u00e7\u00e3o com o Hospital Otorrino e fortalece a oferta de servi\u00e7os especializados, buscando reduzir o tempo de espera e ampliar o acesso da popula\u00e7\u00e3o aos atendimentos de otorrinolaringologia pelo Sistema \u00danico de Sa\u00fade.<\/p>\n<p>&nbsp;<\/p>\n<p>Fonte <a href=\"https:\/\/www.cuiaba.mt.gov.br\/noticias\/cuiaba-oficializa-parceria-com-hospital-otorrino-para-ampliar-atendimento-especializado-pelo-sus\">prefeituradecuiaba\u00e1<\/a><\/p>\n","protected":false},"excerpt":{"rendered":"<p>A Prefeitura de Cuiab\u00e1, por meio da Secretaria Municipal de Sa\u00fade, oficializou a parceria com &hellip;<\/p>\n","protected":false},"author":7,"featured_media":104218,"comment_status":"closed","ping_status":"open","sticky":false,"template":"","format":"standard","meta":{"footnotes":""},"categories":[1],"tags":[],"class_list":["post-104217","post","type-post","status-publish","format-standard","has-post-thumbnail","hentry","category-cf-news"],"wps_subtitle":"","_links":{"self":[{"href":"https:\/\/www.cfnews.com.br\/portal\/wp-json\/wp\/v2\/posts\/104217","targetHints":{"allow":["GET"]}}],"collection":[{"href":"https:\/\/www.cfnews.com.br\/portal\/wp-json\/wp\/v2\/posts"}],"about":[{"href":"https:\/\/www.cfnews.com.br\/portal\/wp-json\/wp\/v2\/types\/post"}],"author":[{"embeddable":true,"href":"https:\/\/www.cfnews.com.br\/portal\/wp-json\/wp\/v2\/users\/7"}],"replies":[{"embeddable":true,"href":"https:\/\/www.cfnews.com.br\/portal\/wp-json\/wp\/v2\/comments?post=104217"}],"version-history":[{"count":1,"href":"https:\/\/www.cfnews.com.br\/portal\/wp-json\/wp\/v2\/posts\/104217\/revisions"}],"predecessor-version":[{"id":104219,"href":"https:\/\/www.cfnews.com.br\/portal\/wp-json\/wp\/v2\/posts\/104217\/revisions\/104219"}],"wp:featuredmedia":[{"embeddable":true,"href":"https:\/\/www.cfnews.com.br\/portal\/wp-json\/wp\/v2\/media\/104218"}],"wp:attachment":[{"href":"https:\/\/www.cfnews.com.br\/portal\/wp-json\/wp\/v2\/media?parent=104217"}],"wp:term":[{"taxonomy":"category","embeddable":true,"href":"https:\/\/www.cfnews.com.br\/portal\/wp-json\/wp\/v2\/categories?post=104217"},{"taxonomy":"post_tag","embeddable":true,"href":"https:\/\/www.cfnews.com.br\/portal\/wp-json\/wp\/v2\/tags?post=104217"}],"curies":[{"name":"wp","href":"https:\/\/api.w.org\/{rel}","templated":true}]}}