{"id":104220,"date":"2026-09-04T08:51:18","date_gmt":"2026-09-04T12:51:18","guid":{"rendered":"https:\/\/www.cfnews.com.br\/portal\/?p=104220"},"modified":"2026-09-04T08:51:18","modified_gmt":"2026-09-04T12:51:18","slug":"educacao-reune-diretores-para-alinhar-encerramento-do-eta-2026-e-planejar-continuidade-em-2027","status":"publish","type":"post","link":"https:\/\/www.cfnews.com.br\/portal\/educacao-reune-diretores-para-alinhar-encerramento-do-eta-2026-e-planejar-continuidade-em-2027\/","title":{"rendered":"Educa\u00e7\u00e3o re\u00fane diretores para alinhar encerramento do ETA 2026 e planejar continuidade em 2027"},"content":{"rendered":"<p>Planejar hoje para garantir que o atendimento continue chegando aos alunos no pr\u00f3ximo ano. Com esse objetivo, a Secretaria Municipal de Educa\u00e7\u00e3o, Cultura, Esporte e Lazer (SMECEL) reuniu, na tarde desta quarta-feira (2), diretores das 42 escolas da rede municipal de V\u00e1rzea Grande que participam do Programa ETA. O encontro foi realizado na Previvag, em V\u00e1rzea Grande, e conduzido pela secret\u00e1ria municipal de Educa\u00e7\u00e3o, Maria Fernanda de Figueiredo.<\/p>\n<p>A reuni\u00e3o teve como foco o alinhamento das a\u00e7\u00f5es para a finaliza\u00e7\u00e3o do programa em 2026 e, principalmente, o planejamento para a continuidade do ETA em 2027. Entre os assuntos discutidos estiveram a presta\u00e7\u00e3o de contas, a regularidade dos cadastros dos alunos ativos e a necessidade de avaliar, com anteced\u00eancia, a estrutura necess\u00e1ria para garantir a execu\u00e7\u00e3o do programa no pr\u00f3ximo ano.<\/p>\n<p>Outro ponto apresentado durante o encontro foi a reformula\u00e7\u00e3o da legisla\u00e7\u00e3o que garante o repasse de recursos \u00e0s unidades escolares participantes do programa. A atualiza\u00e7\u00e3o da lei est\u00e1 entre as medidas que dever\u00e3o contribuir para dar maior seguran\u00e7a e organiza\u00e7\u00e3o \u00e0 continuidade do ETA.<\/p>\n<p>Para a secret\u00e1ria Maria Fernanda, o planejamento antecipado \u00e9 fundamental para evitar dificuldades na execu\u00e7\u00e3o do programa e garantir que as escolas tenham condi\u00e7\u00f5es adequadas para atender os estudantes.<\/p>\n<p>\u201c\u00c9 necess\u00e1rio planejamento, porque, se n\u00e3o houver, no ano que vem a ponta sofre as consequ\u00eancias. Hoje estamos enfrentando algumas dificuldades justamente por falta de planejamento que deveria ter sido feito nas gest\u00f5es anteriores. Por isso, precisamos nos antecipar e organizar tudo o que ser\u00e1 necess\u00e1rio para 2027\u201d, destacou.<\/p>\n<p>Durante a reuni\u00e3o, a secret\u00e1ria refor\u00e7ou ainda que o planejamento precisa considerar diversos fatores, como o n\u00famero de escolas participantes, a quantidade de alunos que ser\u00e3o atendidos, a possibilidade de ampliar o programa para novas unidades e o impacto financeiro dessa expans\u00e3o.<\/p>\n<p>\u201cPrecisamos saber quantas escolas teremos, quantos alunos vamos atender, se teremos condi\u00e7\u00f5es de aumentar esse n\u00famero e, principalmente, quanto isso vai custar. S\u00e3o quest\u00f5es que precisam ser respondidas agora para que possamos construir um planejamento respons\u00e1vel para 2027\u201d, explicou Maria Fernanda.<\/p>\n<p>A regularidade dos cadastros dos estudantes tamb\u00e9m recebeu aten\u00e7\u00e3o especial. A Secretaria orientou os gestores sobre a import\u00e2ncia de manter atualizadas as informa\u00e7\u00f5es dos alunos efetivamente atendidos pelo programa, garantindo maior controle e transpar\u00eancia na aplica\u00e7\u00e3o dos recursos.<\/p>\n<p>A presta\u00e7\u00e3o de contas foi outro ponto considerado essencial. Segundo a secret\u00e1ria, o acompanhamento correto dos recursos e o cumprimento das obriga\u00e7\u00f5es por parte das unidades s\u00e3o fundamentais para assegurar a continuidade das a\u00e7\u00f5es e evitar problemas futuros.<\/p>\n<p>O encontro com os diretores faz parte do processo de organiza\u00e7\u00e3o da SMECEL para o encerramento do ETA 2026 e a constru\u00e7\u00e3o das bases para sua execu\u00e7\u00e3o em 2027. A proposta \u00e9 que as decis\u00f5es sejam tomadas a partir de dados concretos da rede, permitindo dimensionar as necessidades de cada unidade e garantir que o programa continue cumprindo seu papel junto aos estudantes.<\/p>\n<p>Fonte <a href=\"https:\/\/www.varzeagrande.mt.gov.br\/educacao-reune-diretores-para-alinhar-encerramento-do-eta-2026-e-planejar-continuidade-em-2027\">prefeituradev\u00e1rzeagrande<\/a><\/p>\n","protected":false},"excerpt":{"rendered":"<p>Planejar hoje para garantir que o atendimento continue chegando aos alunos no pr\u00f3ximo ano. Com &hellip;<\/p>\n","protected":false},"author":7,"featured_media":104221,"comment_status":"closed","ping_status":"open","sticky":false,"template":"","format":"standard","meta":{"footnotes":""},"categories":[1],"tags":[],"class_list":["post-104220","post","type-post","status-publish","format-standard","has-post-thumbnail","hentry","category-cf-news"],"wps_subtitle":"","_links":{"self":[{"href":"https:\/\/www.cfnews.com.br\/portal\/wp-json\/wp\/v2\/posts\/104220","targetHints":{"allow":["GET"]}}],"collection":[{"href":"https:\/\/www.cfnews.com.br\/portal\/wp-json\/wp\/v2\/posts"}],"about":[{"href":"https:\/\/www.cfnews.com.br\/portal\/wp-json\/wp\/v2\/types\/post"}],"author":[{"embeddable":true,"href":"https:\/\/www.cfnews.com.br\/portal\/wp-json\/wp\/v2\/users\/7"}],"replies":[{"embeddable":true,"href":"https:\/\/www.cfnews.com.br\/portal\/wp-json\/wp\/v2\/comments?post=104220"}],"version-history":[{"count":1,"href":"https:\/\/www.cfnews.com.br\/portal\/wp-json\/wp\/v2\/posts\/104220\/revisions"}],"predecessor-version":[{"id":104222,"href":"https:\/\/www.cfnews.com.br\/portal\/wp-json\/wp\/v2\/posts\/104220\/revisions\/104222"}],"wp:featuredmedia":[{"embeddable":true,"href":"https:\/\/www.cfnews.com.br\/portal\/wp-json\/wp\/v2\/media\/104221"}],"wp:attachment":[{"href":"https:\/\/www.cfnews.com.br\/portal\/wp-json\/wp\/v2\/media?parent=104220"}],"wp:term":[{"taxonomy":"category","embeddable":true,"href":"https:\/\/www.cfnews.com.br\/portal\/wp-json\/wp\/v2\/categories?post=104220"},{"taxonomy":"post_tag","embeddable":true,"href":"https:\/\/www.cfnews.com.br\/portal\/wp-json\/wp\/v2\/tags?post=104220"}],"curies":[{"name":"wp","href":"https:\/\/api.w.org\/{rel}","templated":true}]}}