{"id":104223,"date":"2026-09-04T08:52:55","date_gmt":"2026-09-04T12:52:55","guid":{"rendered":"https:\/\/www.cfnews.com.br\/portal\/?p=104223"},"modified":"2026-09-04T08:52:55","modified_gmt":"2026-09-04T12:52:55","slug":"cuiaba-inicia-mudancas-em-semaforos-para-melhorar-transito","status":"publish","type":"post","link":"https:\/\/www.cfnews.com.br\/portal\/cuiaba-inicia-mudancas-em-semaforos-para-melhorar-transito\/","title":{"rendered":"Cuiab\u00e1 inicia mudan\u00e7as em sem\u00e1foros para melhorar tr\u00e2nsito"},"content":{"rendered":"<p>A Prefeitura de Cuiab\u00e1 inicia nesta sexta-feira (4) um cronograma de interven\u00e7\u00f5es em cruzamentos semaf\u00f3ricos para melhorar a circula\u00e7\u00e3o de ve\u00edculos e pedestres na cidade. As a\u00e7\u00f5es incluem retirada e instala\u00e7\u00e3o de sem\u00e1foros, realoca\u00e7\u00e3o de estruturas e adequa\u00e7\u00f5es na sinaliza\u00e7\u00e3o vi\u00e1ria, com trabalhos previstos at\u00e9 14 de setembro.<\/p>\n<p>Nesta sexta, as equipes retiram o sem\u00e1foro da Avenida Miguel Sutil, pr\u00f3ximo ao Yacao, e implantam um novo cruzamento na avenida com a Rua Boa Vista. Tamb\u00e9m ser\u00e1 desativado o cruzamento da Avenida Arquimedes Pereira Lima com a rua lateral da UPA Leblon. Os servi\u00e7os come\u00e7am a partir das 8h30.<\/p>\n<p>Na sequ\u00eancia, ser\u00e3o preparadas as estruturas para novos equipamentos na regi\u00e3o do Hospital do C\u00e2ncer, na Avenida CPA com a Rua \u00d3bidos e nas proximidades do CREA. No Hospital do C\u00e2ncer, uma botoeira para pedestres ser\u00e1 instalada e colocada em funcionamento no dia 11. J\u00e1 o novo sem\u00e1foro da Avenida CPA com a Rua \u00d3bidos dever\u00e1 entrar em opera\u00e7\u00e3o no dia 13.<\/p>\n<p>Segundo a secret\u00e1ria municipal de Mobilidade Urbana e Seguran\u00e7a P\u00fablica, coronel Francyanne Lacerda, as interven\u00e7\u00f5es fazem parte de um planejamento para modernizar a sinaliza\u00e7\u00e3o e aumentar a seguran\u00e7a de motoristas, motociclistas, ciclistas e pedestres. Na regi\u00e3o do CREA, as estruturas ser\u00e3o configuradas para o funcionamento previsto ap\u00f3s a implanta\u00e7\u00e3o do BRT.<\/p>\n<p>Fonte <a href=\"https:\/\/rdmonline.com.br\/cuiaba-inicia-mudancas-em-semaforos-para-melhorar-transito\/\">rdmonline<\/a><\/p>\n","protected":false},"excerpt":{"rendered":"<p>A Prefeitura de Cuiab\u00e1 inicia nesta sexta-feira (4) um cronograma de interven\u00e7\u00f5es em cruzamentos semaf\u00f3ricos &hellip;<\/p>\n","protected":false},"author":7,"featured_media":104224,"comment_status":"closed","ping_status":"open","sticky":false,"template":"","format":"standard","meta":{"footnotes":""},"categories":[1],"tags":[],"class_list":["post-104223","post","type-post","status-publish","format-standard","has-post-thumbnail","hentry","category-cf-news"],"wps_subtitle":"","_links":{"self":[{"href":"https:\/\/www.cfnews.com.br\/portal\/wp-json\/wp\/v2\/posts\/104223","targetHints":{"allow":["GET"]}}],"collection":[{"href":"https:\/\/www.cfnews.com.br\/portal\/wp-json\/wp\/v2\/posts"}],"about":[{"href":"https:\/\/www.cfnews.com.br\/portal\/wp-json\/wp\/v2\/types\/post"}],"author":[{"embeddable":true,"href":"https:\/\/www.cfnews.com.br\/portal\/wp-json\/wp\/v2\/users\/7"}],"replies":[{"embeddable":true,"href":"https:\/\/www.cfnews.com.br\/portal\/wp-json\/wp\/v2\/comments?post=104223"}],"version-history":[{"count":1,"href":"https:\/\/www.cfnews.com.br\/portal\/wp-json\/wp\/v2\/posts\/104223\/revisions"}],"predecessor-version":[{"id":104225,"href":"https:\/\/www.cfnews.com.br\/portal\/wp-json\/wp\/v2\/posts\/104223\/revisions\/104225"}],"wp:featuredmedia":[{"embeddable":true,"href":"https:\/\/www.cfnews.com.br\/portal\/wp-json\/wp\/v2\/media\/104224"}],"wp:attachment":[{"href":"https:\/\/www.cfnews.com.br\/portal\/wp-json\/wp\/v2\/media?parent=104223"}],"wp:term":[{"taxonomy":"category","embeddable":true,"href":"https:\/\/www.cfnews.com.br\/portal\/wp-json\/wp\/v2\/categories?post=104223"},{"taxonomy":"post_tag","embeddable":true,"href":"https:\/\/www.cfnews.com.br\/portal\/wp-json\/wp\/v2\/tags?post=104223"}],"curies":[{"name":"wp","href":"https:\/\/api.w.org\/{rel}","templated":true}]}}