{"id":104226,"date":"2026-09-04T08:58:28","date_gmt":"2026-09-04T12:58:28","guid":{"rendered":"https:\/\/www.cfnews.com.br\/portal\/?p=104226"},"modified":"2026-09-04T08:58:28","modified_gmt":"2026-09-04T12:58:28","slug":"fachin-avalia-deixar-analises-em-plenario-para-depois-das-eleicoes","status":"publish","type":"post","link":"https:\/\/www.cfnews.com.br\/portal\/fachin-avalia-deixar-analises-em-plenario-para-depois-das-eleicoes\/","title":{"rendered":"Fachin avalia deixar an\u00e1lises em plen\u00e1rio para depois das elei\u00e7\u00f5es"},"content":{"rendered":"<p class=\"my-5 break-words group-[.isActiveSource]:text-xl\">O magistrado deu um prazo de cinco dias \u00fateis para que, tanto\u00a0<a class=\"text-red-600 underline hover:text-red-500 font-medium break-words group-[.isActiveSource]:text-xl\" href=\"https:\/\/www.cnnbrasil.com.br\/politica\/oposicao-ve-retaliacao-em-acao-de-moraes-contra-mendonca\/\" target=\"_self\" rel=\"noopener\">Alexandre de Moraes como Andr\u00e9 Mendon\u00e7a, se posicionem<\/a>. E fez quest\u00e3o de ressaltar na decis\u00e3o que cabe a ele \u201czelar para que a poss\u00edvel aprecia\u00e7\u00e3o colegiada seja feita, a tempo e modo, com o elevado senso de responsabilidade\u201d.<\/p>\n<p class=\"my-5 break-words group-[.isActiveSource]:text-xl\">O posicionamento, segundo interlocutores, foi uma maneira de\u00a0<a class=\"text-red-600 underline hover:text-red-500 font-medium break-words group-[.isActiveSource]:text-xl\" href=\"https:\/\/www.cnnbrasil.com.br\/politica\/caso-moraes-e-sobre-quem-sobrevive-a-crise-no-stf-diz-especialista\/\" target=\"_self\" rel=\"noopener\">Fachin sinalizar que considera esperar arrefecer a tens\u00e3o institucional<\/a>\u00a0antes de colocar as investiga\u00e7\u00f5es em vota\u00e7\u00e3o.<\/p>\n<p class=\"my-5 break-words group-[.isActiveSource]:text-xl\">O pedido para deixar a discuss\u00e3o em\u00a0<a class=\"text-red-600 underline hover:text-red-500 font-medium break-words group-[.isActiveSource]:text-xl\" href=\"https:\/\/www.cnnbrasil.com.br\/politica\/pf-diz-que-mendonca-desconfiava-de-gonet-por-proximidade-com-gilmar-mendes\/\" target=\"_self\" rel=\"noopener\">plen\u00e1rio<\/a>\u00a0foi feito por integrantes da pr\u00f3pria Suprema Corte, preocupados com o cen\u00e1rio atual.<\/p>\n<p class=\"my-5 break-words group-[.isActiveSource]:text-xl\">O pr\u00f3prio\u00a0<a class=\"text-red-600 underline hover:text-red-500 font-medium break-words group-[.isActiveSource]:text-xl\" href=\"https:\/\/www.cnnbrasil.com.br\/blogs\/isabel-mega\/politica\/lula-quebra-silencio-e-grava-video-sobre-crise-no-stf-mas-sem-citar-moraes\/\" target=\"_self\" rel=\"noopener\">presidente Luiz In\u00e1cio Lula da Silva (PT) tamb\u00e9m sinalizou a Fachin preocupa\u00e7\u00e3o com os efeitos colaterais no processo eleitoral<\/a>.<\/p>\n<div id=\"content_3\" class=\"custom__ad__element flex min-h-64 bg-gray-200 justify-center items-center my-4 py-4 bg-[url('\/images\/ad-bg.png')] bg-repeat\" role=\"complementary\" aria-label=\"Publicidade\" data-google-query-id=\"CK279_bu1JYDFXZc3QIdPIsHOw\">\n<div id=\"google_ads_iframe_\/21920083859\/artigos_blogs_2023_4__container__\">Como resposta, Fachin tem acenado que n\u00e3o vai acelerar o processo, que trata o assunto com a devida cautela e que cabe apenas ao pr\u00f3prio Supremo Tribunal Federal encontrar uma solu\u00e7\u00e3o consensual.<\/div>\n<\/div>\n<p class=\"my-5 break-words group-[.isActiveSource]:text-xl\">Al\u00e9m do pedido para investigar a rela\u00e7\u00e3o do ministro Alexandre de Moraes com Daniel Vorcaro, h\u00e1 tamb\u00e9m uma nova solicita\u00e7\u00e3o para apurar eventuais irregularidades contra o ministro Andr\u00e9 Mendon\u00e7a.<\/p>\n<p class=\"my-5 break-words group-[.isActiveSource]:text-xl\">Nos bastidores, um grupo no Supremo Tribunal Federal defende que as duas iniciativas sejam avaliadas no plen\u00e1rio virtual, para evitar bate-boca p\u00fablico entre integrantes da Suprema Corte.<\/p>\n<p class=\"my-5 break-words group-[.isActiveSource]:text-xl\">Hoje, Moraes teria maioria no plen\u00e1rio da Suprema Corte para arquivar um pedido de investiga\u00e7\u00e3o. E, para n\u00e3o tensionar ainda mais o debate, at\u00e9 magistrados favor\u00e1veis a uma investiga\u00e7\u00e3o a Mendon\u00e7a defendem que a quest\u00e3o n\u00e3o seja levada adiante.<\/p>\n<div id=\"content_4\" class=\"custom__ad__element flex min-h-64 bg-gray-200 justify-center items-center my-4 py-4 bg-[url('\/images\/ad-bg.png')] bg-repeat\" role=\"complementary\" aria-label=\"Publicidade\" data-google-query-id=\"CK679_bu1JYDFXZc3QIdPIsHOw\">\n<div id=\"google_ads_iframe_\/21920083859\/artigos_blogs_2023_5__container__\">Uma solu\u00e7\u00e3o seria Fachin arquivar os dois pedidos ou at\u00e9 mesmo coloc\u00e1-los para vota\u00e7\u00e3o com a certeza de que sejam derrubados. Nos bastidores, a avalia\u00e7\u00e3o majorit\u00e1ria \u00e9 que as duas apura\u00e7\u00f5es s\u00f3 tendem a piorar a imagem p\u00fablica do Poder Judici\u00e1rio.<\/div>\n<div>Fonte <a href=\"https:\/\/rdmbrasil.com.br\/fachin-avalia-deixar-analises-em-plenario-para-depois-das-eleicoes\/\">rdmbrasil<\/a><\/div>\n<\/div>\n","protected":false},"excerpt":{"rendered":"<p>O magistrado deu um prazo de cinco dias \u00fateis para que, tanto\u00a0Alexandre de Moraes como &hellip;<\/p>\n","protected":false},"author":7,"featured_media":104227,"comment_status":"closed","ping_status":"open","sticky":false,"template":"","format":"standard","meta":{"footnotes":""},"categories":[1],"tags":[],"class_list":["post-104226","post","type-post","status-publish","format-standard","has-post-thumbnail","hentry","category-cf-news"],"wps_subtitle":"O presidente do STF (Supremo Tribunal Federal), Edson Fachin, avalia deixar para depois do segundo turno eleitoral a an\u00e1lise de abertura de investiga\u00e7\u00f5es contra seus colegas ministros.","_links":{"self":[{"href":"https:\/\/www.cfnews.com.br\/portal\/wp-json\/wp\/v2\/posts\/104226","targetHints":{"allow":["GET"]}}],"collection":[{"href":"https:\/\/www.cfnews.com.br\/portal\/wp-json\/wp\/v2\/posts"}],"about":[{"href":"https:\/\/www.cfnews.com.br\/portal\/wp-json\/wp\/v2\/types\/post"}],"author":[{"embeddable":true,"href":"https:\/\/www.cfnews.com.br\/portal\/wp-json\/wp\/v2\/users\/7"}],"replies":[{"embeddable":true,"href":"https:\/\/www.cfnews.com.br\/portal\/wp-json\/wp\/v2\/comments?post=104226"}],"version-history":[{"count":1,"href":"https:\/\/www.cfnews.com.br\/portal\/wp-json\/wp\/v2\/posts\/104226\/revisions"}],"predecessor-version":[{"id":104228,"href":"https:\/\/www.cfnews.com.br\/portal\/wp-json\/wp\/v2\/posts\/104226\/revisions\/104228"}],"wp:featuredmedia":[{"embeddable":true,"href":"https:\/\/www.cfnews.com.br\/portal\/wp-json\/wp\/v2\/media\/104227"}],"wp:attachment":[{"href":"https:\/\/www.cfnews.com.br\/portal\/wp-json\/wp\/v2\/media?parent=104226"}],"wp:term":[{"taxonomy":"category","embeddable":true,"href":"https:\/\/www.cfnews.com.br\/portal\/wp-json\/wp\/v2\/categories?post=104226"},{"taxonomy":"post_tag","embeddable":true,"href":"https:\/\/www.cfnews.com.br\/portal\/wp-json\/wp\/v2\/tags?post=104226"}],"curies":[{"name":"wp","href":"https:\/\/api.w.org\/{rel}","templated":true}]}}