{"id":104227,"date":"2026-09-01T15:16:14","date_gmt":"2026-09-01T19:16:14","guid":{"rendered":"https:\/\/www.cfnews.com.br\/portal\/?p=104227"},"modified":"2026-09-01T15:16:14","modified_gmt":"2026-09-01T19:16:14","slug":"163-medidas-para-reduzir-efeitos-do-el-nino-na-safra-2026-27","status":"publish","type":"post","link":"https:\/\/www.cfnews.com.br\/portal\/163-medidas-para-reduzir-efeitos-do-el-nino-na-safra-2026-27\/","title":{"rendered":"163 medidas para reduzir efeitos do el ni\u00f1o na safra 2026\/27"},"content":{"rendered":"<p class=\"isSelectedEnd\">A possibilidade de ocorr\u00eancia do El Ni\u00f1o durante a safra 2026\/27 levou \u00e0 elabora\u00e7\u00e3o de um conjunto de 163 medidas para reduzir perdas provocadas por seca, excesso de chuva, calor e outros eventos clim\u00e1ticos na agropecu\u00e1ria brasileira. As recomenda\u00e7\u00f5es incluem desde decis\u00f5es que podem ser tomadas dentro das propriedades at\u00e9 mudan\u00e7as em pol\u00edticas de cr\u00e9dito, seguro e gest\u00e3o de risco.<\/p>\n<p class=\"isSelectedEnd\">O documento foi elaborado pela Empresa Brasileira de Pesquisa Agropecu\u00e1ria (Embrapa) e entregue ao Minist\u00e9rio da Agricultura e Pecu\u00e1ria (Mapa). Embora tenha sido motivado pelo risco associado ao El Ni\u00f1o, o trabalho prop\u00f5e medidas permanentes de adapta\u00e7\u00e3o da produ\u00e7\u00e3o brasileira \u00e0s oscila\u00e7\u00f5es do clima.<\/p>\n<p class=\"isSelectedEnd\">Das 163 recomenda\u00e7\u00f5es, 139 s\u00e3o espec\u00edficas para diferentes atividades agropecu\u00e1rias, 14 podem ser aplicadas de forma transversal ao setor e outras dez dependem de pol\u00edticas p\u00fablicas ou programas de apoio.<\/p>\n<p class=\"isSelectedEnd\">A quantidade de propostas reflete uma mudan\u00e7a na forma de enfrentar os problemas clim\u00e1ticos. Em vez de concentrar esfor\u00e7os apenas depois da ocorr\u00eancia de uma seca ou de chuvas excessivas, a estrat\u00e9gia \u00e9 aumentar a capacidade das propriedades de atravessar esses per\u00edodos com menor perda de produtividade e renda.<\/p>\n<p class=\"isSelectedEnd\">Entre as medidas de alcance mais amplo est\u00e3o o fortalecimento do planejamento das propriedades, conserva\u00e7\u00e3o do solo e da \u00e1gua, diversifica\u00e7\u00e3o dos sistemas produtivos, utiliza\u00e7\u00e3o de informa\u00e7\u00f5es meteorol\u00f3gicas e ado\u00e7\u00e3o de tecnologias capazes de reduzir a exposi\u00e7\u00e3o das lavouras e dos rebanhos aos extremos clim\u00e1ticos.<\/p>\n<div>\n<div class=\"centered-text-area\">\n<div class=\"centered-text\">\n<div class=\"u4a16a4ace16c19d1bfad0477825a6f4a-content\"><span class=\"ctaText\">Leia Tamb\u00e9m:<\/span>\u00a0\u00a0<span class=\"postTitle\">Desafios clim\u00e1ticos e geopol\u00edticos impulsionam investimentos em sustentabilidade e novos produtos<\/span><\/div>\n<\/div>\n<\/div>\n<div class=\"ctaButton\"><\/div>\n<\/div>\n<p class=\"isSelectedEnd\">O manejo do solo ocupa posi\u00e7\u00e3o importante nessa estrat\u00e9gia. A manuten\u00e7\u00e3o de cobertura vegetal, o plantio direto, a rota\u00e7\u00e3o de culturas e pr\u00e1ticas destinadas a aumentar a mat\u00e9ria org\u00e2nica ajudam a melhorar a infiltra\u00e7\u00e3o e a reten\u00e7\u00e3o de \u00e1gua.<\/p>\n<p class=\"isSelectedEnd\">Em per\u00edodos de estiagem, solos bem estruturados conseguem armazenar \u00e1gua por mais tempo. Em situa\u00e7\u00f5es de chuva intensa, tamb\u00e9m apresentam maior capacidade de infiltra\u00e7\u00e3o, reduzindo eros\u00e3o e perda de nutrientes.<\/p>\n<p class=\"isSelectedEnd\">O planejamento da \u00e9poca de plantio \u00e9 outra ferramenta considerada fundamental. A utiliza\u00e7\u00e3o do Zoneamento Agr\u00edcola de Risco Clim\u00e1tico (Zarc) permite identificar per\u00edodos de semeadura com menor probabilidade de perdas para diferentes culturas, munic\u00edpios e tipos de solo.<\/p>\n<p class=\"isSelectedEnd\">Para a pecu\u00e1ria, a prepara\u00e7\u00e3o envolve principalmente disponibilidade de \u00e1gua, forma\u00e7\u00e3o de reservas de alimento, manejo das pastagens e estruturas capazes de reduzir o estresse t\u00e9rmico dos animais.<\/p>\n<p class=\"isSelectedEnd\">A aten\u00e7\u00e3o ao clima ganha import\u00e2ncia especial na safra 2026\/27 porque o El Ni\u00f1o costuma alterar o padr\u00e3o de chuvas e temperaturas no Brasil.<\/p>\n<p class=\"isSelectedEnd\">Os efeitos, entretanto, n\u00e3o s\u00e3o iguais em todo o territ\u00f3rio. Historicamente, epis\u00f3dios do fen\u00f4meno aumentam a probabilidade de chuvas acima da m\u00e9dia em partes da Regi\u00e3o Sul e favorecem per\u00edodos mais secos em \u00e1reas do Norte e Nordeste. No Centro-Oeste e Sudeste, os impactos podem variar conforme a intensidade e o momento de atua\u00e7\u00e3o do fen\u00f4meno.<\/p>\n<p class=\"isSelectedEnd\">Por isso, a ado\u00e7\u00e3o de uma \u00fanica recomenda\u00e7\u00e3o para todo o Pa\u00eds seria inadequada. As 139 medidas espec\u00edficas procuram justamente considerar as diferen\u00e7as entre culturas, sistemas produtivos e regi\u00f5es.<\/p>\n<div>\n<div class=\"centered-text-area\">\n<div class=\"centered-text\">\n<div class=\"u180dddce60929189edf30c7ee45d0758-content\"><span class=\"ctaText\">Leia Tamb\u00e9m:<\/span>\u00a0\u00a0<span class=\"postTitle\">Abril come\u00e7a ainda impactado pelas proje\u00e7\u00f5es do USDA<\/span><\/div>\n<\/div>\n<\/div>\n<div class=\"ctaButton\"><\/div>\n<\/div>\n<p class=\"isSelectedEnd\">A proposta tamb\u00e9m envolve instrumentos financeiros.<\/p>\n<p class=\"isSelectedEnd\">Seguro rural, cr\u00e9dito voltado \u00e0 adapta\u00e7\u00e3o, assist\u00eancia t\u00e9cnica e mecanismos de gest\u00e3o de risco podem reduzir o impacto econ\u00f4mico quando a produ\u00e7\u00e3o \u00e9 atingida por eventos que n\u00e3o podem ser evitados apenas com manejo.<\/p>\n<p class=\"isSelectedEnd\">Essa discuss\u00e3o ganhou import\u00e2ncia depois de sucessivas safras marcadas por extremos clim\u00e1ticos. Secas, enchentes e ondas de calor provocaram perdas em diferentes regi\u00f5es e contribu\u00edram para aumentar o endividamento de parte dos produtores.<\/p>\n<p class=\"isSelectedEnd\">O documento entregue ao governo pretende servir de base para a\u00e7\u00f5es do setor produtivo e para pol\u00edticas p\u00fablicas capazes de antecipar esses problemas.<\/p>\n<p class=\"isSelectedEnd\">Para o agricultor que come\u00e7a a preparar a nova safra, a principal mudan\u00e7a de abordagem \u00e9 tratar o clima como parte permanente do planejamento da propriedade. Escolha da \u00e9poca de plantio, conserva\u00e7\u00e3o do solo, disponibilidade de \u00e1gua, gen\u00e9tica, seguro e acompanhamento das previs\u00f5es passam a formar uma mesma estrat\u00e9gia de prote\u00e7\u00e3o.<\/p>\n<p>O El Ni\u00f1o colocou o assunto novamente em evid\u00eancia, mas as 163 recomenda\u00e7\u00f5es partem de uma constata\u00e7\u00e3o mais ampla: eventos clim\u00e1ticos extremos deixaram de ser um risco que pode ser considerado apenas quando aparecem no horizonte da previs\u00e3o. A prepara\u00e7\u00e3o precisa come\u00e7ar antes de a lavoura entrar no campo.<\/p>\n<p>&nbsp;<\/p>\n<p>&nbsp;<\/p>\n<p><a href=\"https:\/\/pensaragro.com.br\/163-medidas-buscam-reduzir-efeitos-do-el-nino-na-safra-2026-27\/\">Pensar Agro<\/a><\/p>\n","protected":false},"excerpt":{"rendered":"<p>A possibilidade de ocorr\u00eancia do El Ni\u00f1o durante a safra 2026\/27 levou \u00e0 elabora\u00e7\u00e3o de &hellip;<\/p>\n","protected":false},"author":4,"featured_media":104228,"comment_status":"closed","ping_status":"open","sticky":false,"template":"","format":"standard","meta":{"footnotes":""},"categories":[48],"tags":[],"class_list":["post-104227","post","type-post","status-publish","format-standard","has-post-thumbnail","hentry","category-agro_cfnews"],"wps_subtitle":"","_links":{"self":[{"href":"https:\/\/www.cfnews.com.br\/portal\/wp-json\/wp\/v2\/posts\/104227","targetHints":{"allow":["GET"]}}],"collection":[{"href":"https:\/\/www.cfnews.com.br\/portal\/wp-json\/wp\/v2\/posts"}],"about":[{"href":"https:\/\/www.cfnews.com.br\/portal\/wp-json\/wp\/v2\/types\/post"}],"author":[{"embeddable":true,"href":"https:\/\/www.cfnews.com.br\/portal\/wp-json\/wp\/v2\/users\/4"}],"replies":[{"embeddable":true,"href":"https:\/\/www.cfnews.com.br\/portal\/wp-json\/wp\/v2\/comments?post=104227"}],"version-history":[{"count":1,"href":"https:\/\/www.cfnews.com.br\/portal\/wp-json\/wp\/v2\/posts\/104227\/revisions"}],"predecessor-version":[{"id":104229,"href":"https:\/\/www.cfnews.com.br\/portal\/wp-json\/wp\/v2\/posts\/104227\/revisions\/104229"}],"wp:featuredmedia":[{"embeddable":true,"href":"https:\/\/www.cfnews.com.br\/portal\/wp-json\/wp\/v2\/media\/104228"}],"wp:attachment":[{"href":"https:\/\/www.cfnews.com.br\/portal\/wp-json\/wp\/v2\/media?parent=104227"}],"wp:term":[{"taxonomy":"category","embeddable":true,"href":"https:\/\/www.cfnews.com.br\/portal\/wp-json\/wp\/v2\/categories?post=104227"},{"taxonomy":"post_tag","embeddable":true,"href":"https:\/\/www.cfnews.com.br\/portal\/wp-json\/wp\/v2\/tags?post=104227"}],"curies":[{"name":"wp","href":"https:\/\/api.w.org\/{rel}","templated":true}]}}