{"id":104229,"date":"2026-09-04T09:10:11","date_gmt":"2026-09-04T13:10:11","guid":{"rendered":"https:\/\/www.cfnews.com.br\/portal\/?p=104229"},"modified":"2026-09-04T09:10:11","modified_gmt":"2026-09-04T13:10:11","slug":"prefeitura-quer-liberar-publicidade-comercial-em-periodo-eleitoral","status":"publish","type":"post","link":"https:\/\/www.cfnews.com.br\/portal\/prefeitura-quer-liberar-publicidade-comercial-em-periodo-eleitoral\/","title":{"rendered":"Prefeitura quer liberar publicidade comercial em per\u00edodo eleitoral"},"content":{"rendered":"<p>A Prefeitura de Cuiab\u00e1 encaminhou \u00e0 C\u00e2mara Municipal um projeto de lei que equipara temporariamente as regras de publicidade comercial \u00e0s normas da propaganda eleitoral durante os per\u00edodos de elei\u00e7\u00e3o. A proposta do prefeito Abilio Brunini prev\u00ea que comerciantes possam utilizar formatos autorizados pela Justi\u00e7a Eleitoral, mas atualmente restritos pela legisla\u00e7\u00e3o municipal, sem o pagamento das respectivas taxas.<\/p>\n<p>Entre os formatos citados est\u00e3o wind banners, distribui\u00e7\u00e3o de panfletos e publicidade em fachadas de comit\u00eas eleitorais, desde que respeitados os limites definidos pela legisla\u00e7\u00e3o eleitoral. A justificativa \u00e9 criar tratamento semelhante entre candidatos e empresas, j\u00e1 que determinadas formas de divulga\u00e7\u00e3o s\u00e3o permitidas aos primeiros durante a campanha, mas continuam proibidas para atividades comerciais.<\/p>\n<p>\u201cSe o candidato pode colocar wind banner e n\u00e3o paga por isso, o comerciante tamb\u00e9m poder\u00e1. Se pode distribuir panfletos, o comerciante ter\u00e1 o mesmo direito durante o per\u00edodo eleitoral\u201d, afirmou Abilio. Segundo o prefeito, a mudan\u00e7a valeria apenas enquanto a propaganda eleitoral estiver autorizada e n\u00e3o alteraria de forma permanente as regras municipais de publicidade urbana.<\/p>\n<p>O projeto ainda precisa ser analisado e votado pelos vereadores. Se aprovado, a flexibiliza\u00e7\u00e3o ser\u00e1 aplicada durante os per\u00edodos eleitorais, enquanto as normas atualmente previstas na legisla\u00e7\u00e3o municipal voltar\u00e3o a valer ap\u00f3s o encerramento das elei\u00e7\u00f5es.<\/p>\n<p><a href=\"https:\/\/rdmonline.com.br\/prefeitura-quer-liberar-publicidade-comercial-em-periodo-eleitoral\/\">prefeituradecuiaba<\/a><\/p>\n","protected":false},"excerpt":{"rendered":"<p>A Prefeitura de Cuiab\u00e1 encaminhou \u00e0 C\u00e2mara Municipal um projeto de lei que equipara temporariamente &hellip;<\/p>\n","protected":false},"author":7,"featured_media":104230,"comment_status":"closed","ping_status":"open","sticky":false,"template":"","format":"standard","meta":{"footnotes":""},"categories":[1],"tags":[],"class_list":["post-104229","post","type-post","status-publish","format-standard","has-post-thumbnail","hentry","category-cf-news"],"wps_subtitle":"","_links":{"self":[{"href":"https:\/\/www.cfnews.com.br\/portal\/wp-json\/wp\/v2\/posts\/104229","targetHints":{"allow":["GET"]}}],"collection":[{"href":"https:\/\/www.cfnews.com.br\/portal\/wp-json\/wp\/v2\/posts"}],"about":[{"href":"https:\/\/www.cfnews.com.br\/portal\/wp-json\/wp\/v2\/types\/post"}],"author":[{"embeddable":true,"href":"https:\/\/www.cfnews.com.br\/portal\/wp-json\/wp\/v2\/users\/7"}],"replies":[{"embeddable":true,"href":"https:\/\/www.cfnews.com.br\/portal\/wp-json\/wp\/v2\/comments?post=104229"}],"version-history":[{"count":1,"href":"https:\/\/www.cfnews.com.br\/portal\/wp-json\/wp\/v2\/posts\/104229\/revisions"}],"predecessor-version":[{"id":104231,"href":"https:\/\/www.cfnews.com.br\/portal\/wp-json\/wp\/v2\/posts\/104229\/revisions\/104231"}],"wp:featuredmedia":[{"embeddable":true,"href":"https:\/\/www.cfnews.com.br\/portal\/wp-json\/wp\/v2\/media\/104230"}],"wp:attachment":[{"href":"https:\/\/www.cfnews.com.br\/portal\/wp-json\/wp\/v2\/media?parent=104229"}],"wp:term":[{"taxonomy":"category","embeddable":true,"href":"https:\/\/www.cfnews.com.br\/portal\/wp-json\/wp\/v2\/categories?post=104229"},{"taxonomy":"post_tag","embeddable":true,"href":"https:\/\/www.cfnews.com.br\/portal\/wp-json\/wp\/v2\/tags?post=104229"}],"curies":[{"name":"wp","href":"https:\/\/api.w.org\/{rel}","templated":true}]}}