{"id":104233,"date":"2026-09-01T15:20:12","date_gmt":"2026-09-01T19:20:12","guid":{"rendered":"https:\/\/www.cfnews.com.br\/portal\/?p=104233"},"modified":"2026-09-01T15:20:12","modified_gmt":"2026-09-01T19:20:12","slug":"leonardo-storck-estreia-com-vitoria-no-canada","status":"publish","type":"post","link":"https:\/\/www.cfnews.com.br\/portal\/leonardo-storck-estreia-com-vitoria-no-canada\/","title":{"rendered":"Leonardo Storck estreia com vit\u00f3ria no Canad\u00e1"},"content":{"rendered":"<p>O brasileiro Leonardo Storck, de 17 anos e atual n\u00famero 22 do ranking mundial juvenil, estreou com vit\u00f3ria no J300 de Repentigny, no Canad\u00e1. Neste domingo, o tenista da Rio Tennis Academy derrotou o canadense Antoine Clavel por 2 sets a 0, com parciais de 6\/3 e 6\/0, em torneio disputado em quadra dura e que serve de prepara\u00e7\u00e3o para o US Open.<\/p>\n<p>Nas oitavas de final, marcadas para ter\u00e7a-feira, Storck ter\u00e1 pela frente o espanhol Valentin Galino, cabe\u00e7a de chave n\u00famero 14 e 54\u00ba colocado do ranking juvenil. O confronto ser\u00e1 mais um teste para o brasileiro antes do \u00faltimo Grand Slam juvenil da temporada.<\/p>\n<p>Al\u00e9m da disputa individual, Storck tamb\u00e9m est\u00e1 inscrito na chave de duplas. Nesta segunda-feira, ele atua ao lado do compatriota Pedro Chabalgoity contra os canadenses Andy Kepche e Quincy Yao, em partida prevista para come\u00e7ar \u00e0s 11h, pelo hor\u00e1rio de Bras\u00edlia.<\/p>\n<p>A competi\u00e7\u00e3o em Repentigny integra a prepara\u00e7\u00e3o de Storck para o US Open, que come\u00e7a na pr\u00f3xima semana. Com a vit\u00f3ria na estreia, o brasileiro avan\u00e7a no torneio e mant\u00e9m a prepara\u00e7\u00e3o em ritmo competitivo para o Grand Slam norte-americano.<\/p>\n","protected":false},"excerpt":{"rendered":"<p>O brasileiro Leonardo Storck, de 17 anos e atual n\u00famero 22 do ranking mundial juvenil, &hellip;<\/p>\n","protected":false},"author":4,"featured_media":104234,"comment_status":"closed","ping_status":"open","sticky":false,"template":"","format":"standard","meta":{"footnotes":""},"categories":[174],"tags":[],"class_list":["post-104233","post","type-post","status-publish","format-standard","has-post-thumbnail","hentry","category-esporte"],"wps_subtitle":"","_links":{"self":[{"href":"https:\/\/www.cfnews.com.br\/portal\/wp-json\/wp\/v2\/posts\/104233","targetHints":{"allow":["GET"]}}],"collection":[{"href":"https:\/\/www.cfnews.com.br\/portal\/wp-json\/wp\/v2\/posts"}],"about":[{"href":"https:\/\/www.cfnews.com.br\/portal\/wp-json\/wp\/v2\/types\/post"}],"author":[{"embeddable":true,"href":"https:\/\/www.cfnews.com.br\/portal\/wp-json\/wp\/v2\/users\/4"}],"replies":[{"embeddable":true,"href":"https:\/\/www.cfnews.com.br\/portal\/wp-json\/wp\/v2\/comments?post=104233"}],"version-history":[{"count":1,"href":"https:\/\/www.cfnews.com.br\/portal\/wp-json\/wp\/v2\/posts\/104233\/revisions"}],"predecessor-version":[{"id":104235,"href":"https:\/\/www.cfnews.com.br\/portal\/wp-json\/wp\/v2\/posts\/104233\/revisions\/104235"}],"wp:featuredmedia":[{"embeddable":true,"href":"https:\/\/www.cfnews.com.br\/portal\/wp-json\/wp\/v2\/media\/104234"}],"wp:attachment":[{"href":"https:\/\/www.cfnews.com.br\/portal\/wp-json\/wp\/v2\/media?parent=104233"}],"wp:term":[{"taxonomy":"category","embeddable":true,"href":"https:\/\/www.cfnews.com.br\/portal\/wp-json\/wp\/v2\/categories?post=104233"},{"taxonomy":"post_tag","embeddable":true,"href":"https:\/\/www.cfnews.com.br\/portal\/wp-json\/wp\/v2\/tags?post=104233"}],"curies":[{"name":"wp","href":"https:\/\/api.w.org\/{rel}","templated":true}]}}