{"id":104235,"date":"2026-09-04T09:14:55","date_gmt":"2026-09-04T13:14:55","guid":{"rendered":"https:\/\/www.cfnews.com.br\/portal\/?p=104235"},"modified":"2026-09-04T09:14:55","modified_gmt":"2026-09-04T13:14:55","slug":"depois-de-um-seculo-no-brasil-lupo-colhe-frutos-de-expansao-internacional-do-paraguai-a-portugal","status":"publish","type":"post","link":"https:\/\/www.cfnews.com.br\/portal\/depois-de-um-seculo-no-brasil-lupo-colhe-frutos-de-expansao-internacional-do-paraguai-a-portugal\/","title":{"rendered":"Depois de um s\u00e9culo no Brasil, Lupo colhe frutos de expans\u00e3o internacional, do Paraguai a Portugal"},"content":{"rendered":"<p class=\"wp-block-paragraph\">Por mais de um s\u00e9culo, a\u00a0<strong>Lupo\u00a0<\/strong>cresceu sem sair do Brasil. Meias e roupas \u00edntimas vendidas em quase 35 mil pontos no pa\u00eds bastavam para sustentar a companhia fundada em 1921 por um imigrante italiano em Araraquara. Isso come\u00e7ou a mudar em 2024, quando a empresa inaugurou sua primeira loja pr\u00f3pria fora do Brasil, em Portugal; e no ano passado, quando abriu uma f\u00e1brica no Paraguai.<\/p>\n<p class=\"wp-block-paragraph\">Os dois movimentos s\u00e3o os primeiros passos de um plano estrat\u00e9gico que, agora, a companhia quer tirar de vez do papel: crescer no mercado internacional. Essa \u00e9 a miss\u00e3o assumida por Carlos Alberto Mazzeu,\u00a0que se tornou CEO da Lupo em junho, sendo o primeiro executivo fora da fam\u00edlia fundadora a comandar a centen\u00e1ria empresa.<\/p>\n<p><a href=\"https:\/\/investnews.com.br\/negocios\/paraguai-portugal-lupo-internacional\/\">invesnews<\/a><\/p>\n","protected":false},"excerpt":{"rendered":"<p>Por mais de um s\u00e9culo, a\u00a0Lupo\u00a0cresceu sem sair do Brasil. Meias e roupas \u00edntimas vendidas &hellip;<\/p>\n","protected":false},"author":7,"featured_media":104236,"comment_status":"closed","ping_status":"open","sticky":false,"template":"","format":"standard","meta":{"footnotes":""},"categories":[188],"tags":[],"class_list":["post-104235","post","type-post","status-publish","format-standard","has-post-thumbnail","hentry","category-economia"],"wps_subtitle":"Carlos Alberto Mazzeu, primeiro CEO fora da fam\u00edlia fundadora, conta as li\u00e7\u00f5es nos dois mercados para o plano de crescer fora","_links":{"self":[{"href":"https:\/\/www.cfnews.com.br\/portal\/wp-json\/wp\/v2\/posts\/104235","targetHints":{"allow":["GET"]}}],"collection":[{"href":"https:\/\/www.cfnews.com.br\/portal\/wp-json\/wp\/v2\/posts"}],"about":[{"href":"https:\/\/www.cfnews.com.br\/portal\/wp-json\/wp\/v2\/types\/post"}],"author":[{"embeddable":true,"href":"https:\/\/www.cfnews.com.br\/portal\/wp-json\/wp\/v2\/users\/7"}],"replies":[{"embeddable":true,"href":"https:\/\/www.cfnews.com.br\/portal\/wp-json\/wp\/v2\/comments?post=104235"}],"version-history":[{"count":1,"href":"https:\/\/www.cfnews.com.br\/portal\/wp-json\/wp\/v2\/posts\/104235\/revisions"}],"predecessor-version":[{"id":104237,"href":"https:\/\/www.cfnews.com.br\/portal\/wp-json\/wp\/v2\/posts\/104235\/revisions\/104237"}],"wp:featuredmedia":[{"embeddable":true,"href":"https:\/\/www.cfnews.com.br\/portal\/wp-json\/wp\/v2\/media\/104236"}],"wp:attachment":[{"href":"https:\/\/www.cfnews.com.br\/portal\/wp-json\/wp\/v2\/media?parent=104235"}],"wp:term":[{"taxonomy":"category","embeddable":true,"href":"https:\/\/www.cfnews.com.br\/portal\/wp-json\/wp\/v2\/categories?post=104235"},{"taxonomy":"post_tag","embeddable":true,"href":"https:\/\/www.cfnews.com.br\/portal\/wp-json\/wp\/v2\/tags?post=104235"}],"curies":[{"name":"wp","href":"https:\/\/api.w.org\/{rel}","templated":true}]}}