{"id":104238,"date":"2026-09-04T09:20:25","date_gmt":"2026-09-04T13:20:25","guid":{"rendered":"https:\/\/www.cfnews.com.br\/portal\/?p=104238"},"modified":"2026-09-04T09:20:25","modified_gmt":"2026-09-04T13:20:25","slug":"valsa-aviaozinho-e-mais-gremio-emenda-provocacoes-ao-inter-apos-vitoria","status":"publish","type":"post","link":"https:\/\/www.cfnews.com.br\/portal\/valsa-aviaozinho-e-mais-gremio-emenda-provocacoes-ao-inter-apos-vitoria\/","title":{"rendered":"Valsa, avi\u00e3ozinho e mais: Gr\u00eamio emenda provoca\u00e7\u00f5es ao Inter ap\u00f3s vit\u00f3ria"},"content":{"rendered":"<p>No ritmo do cl\u00e1ssico, o Gr\u00eamio n\u00e3o se conteve e usou as redes sociais para emendar provoca\u00e7\u00f5es ao rival Internacional ap\u00f3s a classifica\u00e7\u00e3o \u00e0 semifinal da Copa do Brasil.<\/p>\n<p>O Tricolor Ga\u00facho venceu o Colorado por 3 a 1, com gols de Carlos Vin\u00edcius, duas vezes, e Krovinovic. Vitinho descontou. Com o resultado, o Gr\u00eamio se credenciou para enfrentar o Atl\u00e9tico-MG na semifinal e, quem sabe, seguir em busca do hexacampeonato da competi\u00e7\u00e3o.<\/p>\n<p class=\"my-5 break-words group-[.isActiveSource]:text-xl\">As provoca\u00e7\u00f5es come\u00e7aram quanto\u00a0<a class=\"text-red-600 underline hover:text-red-500 font-medium break-words group-[.isActiveSource]:text-xl\" href=\"https:\/\/www.cnnbrasil.com.br\/esportes\/futebol\/copa-do-brasil\/gremio-faz-tres-no-inter-despacha-o-rival-e-avanca-na-copa-do-brasil\/\" target=\"_self\" rel=\"\" data-google-interstitial=\"false\">o Gr\u00eamio<\/a>\u00a0publicou uma arte com seu mascote dizendo ao saci, s\u00edmbolo do Inter, que ele &#8220;sempre pareceu menor nas fotos&#8221;.<\/p>\n<p class=\"my-5 break-words group-[.isActiveSource]:text-xl\">Em outra publica\u00e7\u00e3o, o Imortal postou um v\u00eddeo em que um avi\u00e3o com o recado &#8220;Eles est\u00e3o fora&#8221; aparece na Avenida Carlos Gomes, em Porto Alegre.<\/p>\n<p class=\"my-5 break-words group-[.isActiveSource]:text-xl\">Detalhe para o fato de que a palavra &#8220;eles&#8221; aparece escrita em vermelho. Vale dizer que essa \u00e9 uma vingan\u00e7a de uma provoca\u00e7\u00e3o colorada ao arquirrival, no \u00faltimo rebaixamento gremista, em 2021.<\/p>\n<h2 class=\"text-2xl my-5 font-bold break-words\">&#8220;Valsa de debutante&#8221;<\/h2>\n<p class=\"my-5 break-words group-[.isActiveSource]:text-xl\">Nas arquibancadas da Arena do Gr\u00eamio, ap\u00f3s o apito final e a confirma\u00e7\u00e3o da classifica\u00e7\u00e3o, a torcida gremista entoou uma cantiga que dizia &#8220;15 anos se passaram, e a valsa j\u00e1 chegou. O Rio Grande (do Sul) est\u00e1 em festa, porqu\u00ea o Inter debutou&#8221;.<\/p>\n<p class=\"my-5 break-words group-[.isActiveSource]:text-xl\">Os ditos fazem refer\u00eancia ao \u00faltimo t\u00edtulo de grande express\u00e3o do Colorado, a Copa Libertadores conquistada em 2010.<\/p>\n<p class=\"my-5 break-words group-[.isActiveSource]:text-xl\">\u00c0 beira do gramado, o Mosqueteiro, mascote do Gr\u00eamio, foi flagrado dan\u00e7ando valsa. O sistema de som da Arena do Gr\u00eamio tamb\u00e9m &#8220;entrou na onda&#8221; e colocou uma m\u00fasica comum em valsas de debutantes.<\/p>\n<h2 class=\"text-2xl my-5 font-bold break-words\">Atl\u00e9tico-MG x Gr\u00eamio nas semifinais: prov\u00e1veis datas e retrospecto<\/h2>\n<p class=\"my-5 break-words group-[.isActiveSource]:text-xl\">Atl\u00e9tico-MG e Gr\u00eamio\u00a0disputar\u00e3o uma vaga na final da competi\u00e7\u00e3o. A eliminat\u00f3ria ser\u00e1 definida em dois jogos, com datas-base para os dias 1\u00ba e 8 de novembro. A Confedera\u00e7\u00e3o Brasileira de Futebol (CBF) divulgar\u00e1 a tabela detalhada posteriormente.<\/p>\n<p class=\"my-5 break-words group-[.isActiveSource]:text-xl\">A entidade tamb\u00e9m realizar\u00e1, nos pr\u00f3ximos dias, o sorteio que definir\u00e1 a ordem dos mandos de campo das partidas.\u00a0Palmeiras e Vasco ser\u00e3o advers\u00e1rios na outra semifinal do torneio.<\/p>\n<p class=\"my-5 break-words group-[.isActiveSource]:text-xl\">Essa ser\u00e1 a terceira vez que Atl\u00e9tico-MG e Gr\u00eamio se enfrentar\u00e3o em mata-matas. A primeira foi pelas quartas de final do Campeonato Brasileiro de 2001, quando o Galo avan\u00e7ou ap\u00f3s vencer jogo \u00fanico pelo placar de 3 a 0.<\/p>\n<p class=\"my-5 break-words group-[.isActiveSource]:text-xl\">A segunda, mais recentemente, foi na final da Copa do Brasil de 2016, e o Gr\u00eamio ficou com o t\u00edtulo. A equipe ga\u00facha conquistou o pentacampeonato da competi\u00e7\u00e3o naquele ano, com um placar agregado de 4 a 2.<\/p>\n<h2 class=\"text-2xl my-5 font-bold break-words\">Final \u00fanica na Copa do Brasil<\/h2>\n<p class=\"my-5 break-words group-[.isActiveSource]:text-xl\">A Copa do Brasil de 2026, em sua 38\u00aa edi\u00e7\u00e3o, ter\u00e1 pela primeira vez a final disputada em jogo \u00fanico, em 6 de dezembro.<\/p>\n<p class=\"my-5 break-words group-[.isActiveSource]:text-xl\">O local da decis\u00e3o ainda n\u00e3o foi confirmado pela CBF. O Est\u00e1dio Man\u00e9 Garrincha, em Bras\u00edlia, \u00e9 bem avaliado pela entidade para receber a decis\u00e3o.<\/p>\n<p>&nbsp;<\/p>\n<p><a href=\"https:\/\/www.cnnbrasil.com.br\/esportes\/futebol\/copa-do-brasil\/valsa-aviaozinho-e-mais-gremio-emenda-provocacoes-ao-inter-apos-vitoria\/#goog_rewarded\">cnnbrasil<\/a><\/p>\n","protected":false},"excerpt":{"rendered":"<p>No ritmo do cl\u00e1ssico, o Gr\u00eamio n\u00e3o se conteve e usou as redes sociais para &hellip;<\/p>\n","protected":false},"author":7,"featured_media":104239,"comment_status":"closed","ping_status":"open","sticky":false,"template":"","format":"standard","meta":{"footnotes":""},"categories":[174],"tags":[],"class_list":["post-104238","post","type-post","status-publish","format-standard","has-post-thumbnail","hentry","category-esporte"],"wps_subtitle":"Tricolor Ga\u00facho venceu o GreNal 454 por 3 a 1, eliminou o arquirrival e avan\u00e7ou \u00e0 fase semifinal da Copa do Brasil de 2026","_links":{"self":[{"href":"https:\/\/www.cfnews.com.br\/portal\/wp-json\/wp\/v2\/posts\/104238","targetHints":{"allow":["GET"]}}],"collection":[{"href":"https:\/\/www.cfnews.com.br\/portal\/wp-json\/wp\/v2\/posts"}],"about":[{"href":"https:\/\/www.cfnews.com.br\/portal\/wp-json\/wp\/v2\/types\/post"}],"author":[{"embeddable":true,"href":"https:\/\/www.cfnews.com.br\/portal\/wp-json\/wp\/v2\/users\/7"}],"replies":[{"embeddable":true,"href":"https:\/\/www.cfnews.com.br\/portal\/wp-json\/wp\/v2\/comments?post=104238"}],"version-history":[{"count":1,"href":"https:\/\/www.cfnews.com.br\/portal\/wp-json\/wp\/v2\/posts\/104238\/revisions"}],"predecessor-version":[{"id":104240,"href":"https:\/\/www.cfnews.com.br\/portal\/wp-json\/wp\/v2\/posts\/104238\/revisions\/104240"}],"wp:featuredmedia":[{"embeddable":true,"href":"https:\/\/www.cfnews.com.br\/portal\/wp-json\/wp\/v2\/media\/104239"}],"wp:attachment":[{"href":"https:\/\/www.cfnews.com.br\/portal\/wp-json\/wp\/v2\/media?parent=104238"}],"wp:term":[{"taxonomy":"category","embeddable":true,"href":"https:\/\/www.cfnews.com.br\/portal\/wp-json\/wp\/v2\/categories?post=104238"},{"taxonomy":"post_tag","embeddable":true,"href":"https:\/\/www.cfnews.com.br\/portal\/wp-json\/wp\/v2\/tags?post=104238"}],"curies":[{"name":"wp","href":"https:\/\/api.w.org\/{rel}","templated":true}]}}