{"id":36012,"date":"2021-04-15T14:16:44","date_gmt":"2021-04-15T18:16:44","guid":{"rendered":"https:\/\/www.cfnews.com.br\/portal\/?p=36012"},"modified":"2021-04-15T14:16:44","modified_gmt":"2021-04-15T18:16:44","slug":"governador-inicia-entrega-de-103-motocicletas-para-reforcar-atuacao-ostensiva-da-policia-militar","status":"publish","type":"post","link":"https:\/\/www.cfnews.com.br\/portal\/2021\/04\/15\/governador-inicia-entrega-de-103-motocicletas-para-reforcar-atuacao-ostensiva-da-policia-militar\/","title":{"rendered":"Governador inicia entrega de 103 motocicletas para refor\u00e7ar atua\u00e7\u00e3o ostensiva da Pol\u00edcia Militar"},"content":{"rendered":"<p>O governador Mauro Mendes iniciou nesta quinta-feira (15.04) a entrega de 103 motocicletas modelo XRE 300 cilindradas para a Pol\u00edcia Militar. O investimento total \u00e9 de R$ 2,7 milh\u00f5es e faz parte do programa Mais MT.<\/p>\n<p>Foram entregues 53 motos do primeiro lote, sendo 20 para a 24\u00ba Companhia Independente Raio, outras 20 ser\u00e3o destinadas para as For\u00e7as T\u00e1ticas de Sinop, Barra do Gar\u00e7as e C\u00e1ceres e 13 para o policiamento ordin\u00e1rio. As outras 50 motos ser\u00e3o entregues no m\u00eas de maio.<\/p>\n<p>Durante a solenidade, o governador Mauro Mendes destacou a suplementa\u00e7\u00e3o de R$ 184 milh\u00f5es para a Secretaria de Estado de Seguran\u00e7a P\u00fablica (Sesp)\u00a0para investimentos este ano pelo programa Mais MT.<\/p>\n<p>\u201cEstamos investindo em todas as \u00e1reas e a Seguran\u00e7a P\u00fablica n\u00e3o \u00e9 diferente, entregamos carros novos h\u00e1 poucos dias e agora entregando 103 motos e j\u00e1 est\u00e1 autorizado a aquisi\u00e7\u00e3o de outro lote de mais 100 motos de alta capacidade e 500 e 750 cilindradas para melhorar a atua\u00e7\u00e3o r\u00e1pida e eficiente no deslocamento dos batalh\u00f5es que utilizam motocicleta para ganhar agilidade, fazer o policiamento ostensivo. Estamos mudando e melhorando a estrutura da Pol\u00edcia Militar em Mato Grosso\u201d, destacou o governador.<\/p>\n<p>O secret\u00e1rio de Estado de Seguran\u00e7a P\u00fablica, Alexandre Bustamante, afirmou que o programa Mais MT vai colocar a pasta numa dimens\u00e3o que nunca esteve, com\u00a0investimentos em uniformes, troca de armamento\u00a0para Pol\u00edcia Militar, Pol\u00edcia Judici\u00e1ria Civil e o Corpo de Bombeiros, novas viaturas, que dar\u00e3o\u00a0condi\u00e7\u00f5es de trabalho melhores \u00e0s for\u00e7as de seguran\u00e7a do Estado. \u201cPodemos sentir o reflexo desses investimentos na redu\u00e7\u00e3o dos \u00edndices criminais em Mato Grosso como um todo. Estamos na contram\u00e3o do pa\u00eds\u201d.<\/p>\n<p><img decoding=\"async\" src=\"http:\/\/www.mt.gov.br\/documents\/4713378\/16866697\/Companhia+Raio+recebe+novas+motos\/e60beaa8-72e4-2592-1dfa-6940383667c7?t=1618500576759+&amp;imageThumbnail=3\" alt=\"\" \/><a href=\"https:\/\/www.cfnews.com.br\/portal\/wp-content\/uploads\/2021\/04\/4-24.jpg\"><img loading=\"lazy\" decoding=\"async\" class=\"alignnone wp-image-36013 size-large\" src=\"https:\/\/www.cfnews.com.br\/portal\/wp-content\/uploads\/2021\/04\/4-24-1024x683.jpg\" alt=\"\" width=\"900\" height=\"600\" srcset=\"https:\/\/www.cfnews.com.br\/portal\/wp-content\/uploads\/2021\/04\/4-24.jpg 1024w, https:\/\/www.cfnews.com.br\/portal\/wp-content\/uploads\/2021\/04\/4-24-300x200.jpg 300w, https:\/\/www.cfnews.com.br\/portal\/wp-content\/uploads\/2021\/04\/4-24-768x512.jpg 768w\" sizes=\"auto, (max-width: 900px) 100vw, 900px\" \/><\/a><\/p>\n<div>Companhia Raio recebe novas motos<br \/>\nCr\u00e9ditos: Mayke Toscano\/Sesp-MT<\/div>\n<p>Bustamante destacou ainda que at\u00e9 o fim de 2021, metade da Pol\u00edcia Militar estar\u00e1 com armamento novo, as pistolas Glock 9mm. A Sesp est\u00e1 comprando ainda armamentos longos, carabinas e fuzis novos, pistolas, muni\u00e7\u00e3o, colete bal\u00edstico, tudo com investimento do Estado.<\/p>\n<p>\u201cDurante muito tempo o governo ficou ref\u00e9m de emendas federais e recursos do Fundo Nacional de Seguran\u00e7a P\u00fablica e todo esse recurso \u00e9 do Governo de Mato Grosso e estamos conseguindo novos equipamentos. At\u00e9 o fim do mandato, a PM estar\u00e1 mais tecnol\u00f3gica e modernizada\u201d, disse o secret\u00e1rio.<\/p>\n<p>O comandante-geral da Pol\u00edcia Militar, coronel PM Jonildo Assis, destacou que as motocicletas v\u00e3o fazer a diferen\u00e7a no combate direto ao crime, pois o uso de motos torna o policiamento mais din\u00e2mico.<\/p>\n<p>\u201cCriamos a Companhia Raio aqui em Cuiab\u00e1, refor\u00e7ando a dinamicidade do atendimento das ocorr\u00eancias. As motos adquiridas tamb\u00e9m v\u00e3o melhorar o patrulhamento ordin\u00e1rio em hor\u00e1rios pr\u00e9-definidos pelo nosso planejamento operacional. Teremos outras entregas para moto patrulhamento e isso um grande ganho e a ideia \u00e9 melhorar cada vez mais com novas modalidades de policiamento\u201d, refor\u00e7ou Assis.<\/p>\n<p>&nbsp;<\/p>\n<p>&nbsp;<\/p>\n<p>Foto: Mayke Toscano\u00a0 \u00a0 |\u00a0 \u00a0Fonte:\u00a0 MTGOV<\/p>\n","protected":false},"excerpt":{"rendered":"<p>O governador Mauro Mendes iniciou nesta quinta-feira (15.04) a entrega de 103 motocicletas modelo XRE &hellip;<\/p>\n","protected":false},"author":4,"featured_media":36014,"comment_status":"closed","ping_status":"open","sticky":false,"template":"","format":"standard","meta":{"footnotes":""},"categories":[1,59,76],"tags":[],"class_list":["post-36012","post","type-post","status-publish","format-standard","has-post-thumbnail","hentry","category-cf-news","category-destaque","category-missoes"],"wps_subtitle":"Mauro Mendes ainda autorizou a suplementa\u00e7\u00e3o de R$ 184 milh\u00f5es para investimentos em Seguran\u00e7a P\u00fablica, somente em 2021","_links":{"self":[{"href":"https:\/\/www.cfnews.com.br\/portal\/wp-json\/wp\/v2\/posts\/36012","targetHints":{"allow":["GET"]}}],"collection":[{"href":"https:\/\/www.cfnews.com.br\/portal\/wp-json\/wp\/v2\/posts"}],"about":[{"href":"https:\/\/www.cfnews.com.br\/portal\/wp-json\/wp\/v2\/types\/post"}],"author":[{"embeddable":true,"href":"https:\/\/www.cfnews.com.br\/portal\/wp-json\/wp\/v2\/users\/4"}],"replies":[{"embeddable":true,"href":"https:\/\/www.cfnews.com.br\/portal\/wp-json\/wp\/v2\/comments?post=36012"}],"version-history":[{"count":1,"href":"https:\/\/www.cfnews.com.br\/portal\/wp-json\/wp\/v2\/posts\/36012\/revisions"}],"predecessor-version":[{"id":36015,"href":"https:\/\/www.cfnews.com.br\/portal\/wp-json\/wp\/v2\/posts\/36012\/revisions\/36015"}],"wp:featuredmedia":[{"embeddable":true,"href":"https:\/\/www.cfnews.com.br\/portal\/wp-json\/wp\/v2\/media\/36014"}],"wp:attachment":[{"href":"https:\/\/www.cfnews.com.br\/portal\/wp-json\/wp\/v2\/media?parent=36012"}],"wp:term":[{"taxonomy":"category","embeddable":true,"href":"https:\/\/www.cfnews.com.br\/portal\/wp-json\/wp\/v2\/categories?post=36012"},{"taxonomy":"post_tag","embeddable":true,"href":"https:\/\/www.cfnews.com.br\/portal\/wp-json\/wp\/v2\/tags?post=36012"}],"curies":[{"name":"wp","href":"https:\/\/api.w.org\/{rel}","templated":true}]}}