{"id":36878,"date":"2021-04-29T08:38:21","date_gmt":"2021-04-29T12:38:21","guid":{"rendered":"https:\/\/www.cfnews.com.br\/portal\/?p=36878"},"modified":"2021-04-29T08:38:21","modified_gmt":"2021-04-29T12:38:21","slug":"mauro-mendes-diz-que-menos-burocracia-e-incentivos-fiscais-justos-tem-atraido-empresas-para-mato-grosso","status":"publish","type":"post","link":"https:\/\/www.cfnews.com.br\/portal\/2021\/04\/29\/mauro-mendes-diz-que-menos-burocracia-e-incentivos-fiscais-justos-tem-atraido-empresas-para-mato-grosso\/","title":{"rendered":"Mauro Mendes diz que menos burocracia e incentivos fiscais justos tem atra\u00eddo empresas para Mato Grosso"},"content":{"rendered":"<p>O governador Mauro Mendes afirmou que as a\u00e7\u00f5es promovidas pela atual gest\u00e3o \u2013 como a reinstitui\u00e7\u00e3o e isonomia nos incentivos fiscais e redu\u00e7\u00e3o da burocracia \u2013 t\u00eam atra\u00eddo empresas para investir em Mato Grosso em todos os segmentos, gerando emprego, renda e desenvolvimento econ\u00f4mico em prol da popula\u00e7\u00e3o.<\/p>\n<p>Mauro Mendes participou de live realizada em parceria com o \u00a0Valor Econ\u00f4mico na tarde desta quarta-feira (28), junto com o secret\u00e1rio de Estado de Desenvolvimento Econ\u00f4mico, C\u00e9sar Miranda, e com o presidente da Federa\u00e7\u00e3o das Ind\u00fastrias de Mato Grosso (Fiemt), Gustavo de Oliveira.<\/p>\n<p>\u201cJ\u00e1 no in\u00edcio da gest\u00e3o, com o apoio da Assembleia, conseguimos tomar medidas necess\u00e1rias para colocar o Governo de Mato Grosso no rumo. Pegamos um estado quebrado, devendo todo mundo, e em menos de um ano passamos a pagar servidores e fornecedores em dia. Retomamos a fama de bom pagador e criamos um ambiente favor\u00e1vel para a atra\u00e7\u00e3o de investimentos\u201d, pontuou.<\/p>\n<p>Conforme o Minist\u00e9rio da Economia, mesmo em meio a uma pandemia, Mato Grosso foi o estado com o maior crescimento na abertura de empresas no primeiro quadrimestre de 2020 e tamb\u00e9m o que mais gerou empregos no primeiro semestre do ano passado.<\/p>\n<p>Para o governador, esses resultados s\u00e3o fruto n\u00e3o s\u00f3 da pujan\u00e7a da economia e do agroneg\u00f3cio, mas principalmente das pol\u00edticas p\u00fablicas de desenvolvimento econ\u00f4mico promovidas pelo estado. \u201cCom a reinstitui\u00e7\u00e3o dos incentivos fiscais, o empres\u00e1rio hoje n\u00e3o tem que ficar pedindo b\u00ean\u00e7\u00e3o do governador para investir aqui. Hoje temos regras claras. Se a empresa integra determinado setor, far\u00e1 um cadastro simplificado e ter\u00e1 acesso aos incentivos para este setor, iguais a qualquer empresa concorrente. E o Governo far\u00e1 a devida fiscaliza\u00e7\u00e3o. Antes, esse processo poderia demorar v\u00e1rios meses, e ainda ocorria corrup\u00e7\u00e3o\u201d, relatou.<\/p>\n<p>O avan\u00e7o no incentivo ao empreendedorismo tamb\u00e9m foi destacado pelo secret\u00e1rio Cesar Miranda. Ele frisou que os investimentos do Governo em todas as \u00e1reas, por meio do programa Mais MT, tamb\u00e9m colaboram para a atra\u00e7\u00e3o de investimentos.<\/p>\n<p>\u201cN\u00f3s n\u00e3o t\u00ednhamos um ambiente de neg\u00f3cios. Era uma desorganiza\u00e7\u00e3o total. O governador determinou pol\u00edticas de Estado para desenvolver a economia. Afinal, qual empres\u00e1rio vai vir a Mato Grosso se n\u00e3o tiver uma boa educa\u00e7\u00e3o, sa\u00fade e seguran\u00e7a? E o governador conseguiu reequilibrar as finan\u00e7as e lan\u00e7ou o maior programa de investimentos da hist\u00f3ria do estado, o que melhora o ambiente de neg\u00f3cios como um todo\u201d.<\/p>\n<p>A redu\u00e7\u00e3o da burocracia e os incentivos fiscais justos, de acordo com o secret\u00e1rio, s\u00e3o fatores determinantes para a classe empresarial estar optando por fazer investimentos em Mato Grosso nos \u00faltimos anos.<\/p>\n<p>\u201cA reinstitui\u00e7\u00e3o de incentivos fiscais foi uma revolu\u00e7\u00e3o. S\u00e3o incentivos atrativos e os percentuais s\u00e3o definidos por setor econ\u00f4mico, o que traz isonomia. Acabou com a situa\u00e7\u00e3o de empresas do mesmo setor terem incentivos diferentes. Acabou tamb\u00e9m a burocracia: o empres\u00e1rio adere ao incentivo de forma transparente e com seguran\u00e7a jur\u00eddica, conseguindo planejar seu investimento\u201d, afirmou C\u00e9sar Miranda.<\/p>\n<p>Segundo o presidente da Fiemt, estes avan\u00e7os j\u00e1 s\u00e3o reconhecidos pelo segmento da ind\u00fastria. \u201cO hist\u00f3rico do Estado era realmente muito triste, havia esc\u00e2ndalos de corrup\u00e7\u00e3o, regras obscuras. E j\u00e1 na campanha o governador falava em mudar isso. Hoje o empreendedor tem acesso a um conjunto de regras muito claras, e adere ao incentivo de forma quase autom\u00e1tica no site da Sedec. Ele sabe que vai competir de forma igual com a concorr\u00eancia. Esse incentivo \u00e9 muito importante. Os empres\u00e1rios falavam mal dos incentivos e isso acabou. Com isso a gente atrai investimento a m\u00e9dio e longo prazo, pois h\u00e1 uma pol\u00edtica de Estado de Desenvolvimento Econ\u00f4mico\u201d, ressaltou Gustavo de Oliveira.<\/p>\n<p>&nbsp;<\/p>\n<p>&nbsp;<\/p>\n<p>Foto:\u00a0 Tch\u00e9lo Figueiredo\u00a0 \u00a0 |\u00a0 \u00a0 Fonte:\u00a0 odocumento<\/p>\n","protected":false},"excerpt":{"rendered":"<p>O governador Mauro Mendes afirmou que as a\u00e7\u00f5es promovidas pela atual gest\u00e3o \u2013 como a &hellip;<\/p>\n","protected":false},"author":4,"featured_media":36879,"comment_status":"closed","ping_status":"open","sticky":false,"template":"","format":"standard","meta":{"footnotes":""},"categories":[1,59,76],"tags":[],"class_list":["post-36878","post","type-post","status-publish","format-standard","has-post-thumbnail","hentry","category-cf-news","category-destaque","category-missoes"],"wps_subtitle":"Em live com o Valor Econ\u00f4mico, Mauro Mendes destacou a import\u00e2ncia do equil\u00edbrio fiscal e da redu\u00e7\u00e3o da burocracia para atrair investimentos","_links":{"self":[{"href":"https:\/\/www.cfnews.com.br\/portal\/wp-json\/wp\/v2\/posts\/36878","targetHints":{"allow":["GET"]}}],"collection":[{"href":"https:\/\/www.cfnews.com.br\/portal\/wp-json\/wp\/v2\/posts"}],"about":[{"href":"https:\/\/www.cfnews.com.br\/portal\/wp-json\/wp\/v2\/types\/post"}],"author":[{"embeddable":true,"href":"https:\/\/www.cfnews.com.br\/portal\/wp-json\/wp\/v2\/users\/4"}],"replies":[{"embeddable":true,"href":"https:\/\/www.cfnews.com.br\/portal\/wp-json\/wp\/v2\/comments?post=36878"}],"version-history":[{"count":1,"href":"https:\/\/www.cfnews.com.br\/portal\/wp-json\/wp\/v2\/posts\/36878\/revisions"}],"predecessor-version":[{"id":36880,"href":"https:\/\/www.cfnews.com.br\/portal\/wp-json\/wp\/v2\/posts\/36878\/revisions\/36880"}],"wp:featuredmedia":[{"embeddable":true,"href":"https:\/\/www.cfnews.com.br\/portal\/wp-json\/wp\/v2\/media\/36879"}],"wp:attachment":[{"href":"https:\/\/www.cfnews.com.br\/portal\/wp-json\/wp\/v2\/media?parent=36878"}],"wp:term":[{"taxonomy":"category","embeddable":true,"href":"https:\/\/www.cfnews.com.br\/portal\/wp-json\/wp\/v2\/categories?post=36878"},{"taxonomy":"post_tag","embeddable":true,"href":"https:\/\/www.cfnews.com.br\/portal\/wp-json\/wp\/v2\/tags?post=36878"}],"curies":[{"name":"wp","href":"https:\/\/api.w.org\/{rel}","templated":true}]}}