{"id":63565,"date":"2022-10-19T09:50:24","date_gmt":"2022-10-19T13:50:24","guid":{"rendered":"https:\/\/www.cfnews.com.br\/portal\/?p=63565"},"modified":"2022-10-19T09:50:24","modified_gmt":"2022-10-19T13:50:24","slug":"chafarizes-e-fontes-de-espacos-publicos-de-cuiaba-recebem-acoes-de-manutencao-e-reparo","status":"publish","type":"post","link":"https:\/\/www.cfnews.com.br\/portal\/2022\/10\/19\/chafarizes-e-fontes-de-espacos-publicos-de-cuiaba-recebem-acoes-de-manutencao-e-reparo\/","title":{"rendered":"Chafarizes e fontes de espa\u00e7os p\u00fablicos de Cuiab\u00e1 recebem a\u00e7\u00f5es de manuten\u00e7\u00e3o e reparo"},"content":{"rendered":"<p>Chafarizes e fontes das pra\u00e7as e parques p\u00fablicos de Cuiab\u00e1 come\u00e7aram, neste m\u00eas de outubro, a receber o trabalho de manuten\u00e7\u00e3o preventiva e corretiva. A a\u00e7\u00e3o \u00e9 coordenada pela Empresa Cuiabana de Zeladoria e Servi\u00e7os Urbanos e planejada para alcan\u00e7ar, de forma cont\u00ednua, todas as estruturas que possuem esse tipo de equipamento.<\/p>\n<p>O primeiro espa\u00e7o a receber esse trabalho foi o Parque das \u00c1guas que, na \u00faltima semana, teve o retorno das apresenta\u00e7\u00f5es di\u00e1rias do Show das \u00c1guas, sempre \u00e0s 19h e 21h. Al\u00e9m dele, a equipe especializada para realizar especificamente essas atividades tamb\u00e9m j\u00e1 atuou nas pra\u00e7as Santos Dumont e 8 de Abril, situadas na regi\u00e3o central.<\/p>\n<p>Conforme explica o diretor-geral da Limpurb, J\u00fanior Leite, a iniciativa deve atender nas pr\u00f3ximas semanas as pra\u00e7as do Jardim das Am\u00e9ricas e Pedregal, al\u00e9m da Pra\u00e7a das Lavadeiras, no bairro Lixeira. Segundo ele, a a\u00e7\u00e3o foi determinada pelo prefeito Emanuel Pinheiro, visando garantir o funcionamento desses equipamentos.<\/p>\n<p>\u201cOs chafarizes e fontes s\u00e3o atra\u00e7\u00f5es que toda a popula\u00e7\u00e3o gosta de aproveitar para tirar fotos, fazer v\u00eddeos. S\u00e3o equipamentos que precisam de uma aten\u00e7\u00e3o especializada. O que estamos fazendo \u00e9 atuar para que eles estejam sempre em pleno funcionamento e continuem embelezando nossa cidade\u201d, comenta J\u00fanior Leite.<\/p>\n<p>O trabalho faz parte de um planejamento montado pela empresa p\u00fablica, que tem como objetivo assegurar boas condi\u00e7\u00f5es de uso dos espa\u00e7os p\u00fablicos de lazer. Nesse sentido, tamb\u00e9m foi colocado em pr\u00e1tica o programa Pit Stop que, de maneira peri\u00f3dica, leva servi\u00e7os de zeladoria para esses locais.<\/p>\n<p>Por meio do programa, que \u00e9 executado por outra equipe, a Limpurb efetua, por exemplo, reparos nos pisos, na academia ao ar livre e no playground. Quando necess\u00e1rio, tamb\u00e9m s\u00e3o feitas substitui\u00e7\u00e3o de lixeiras e bancos danificados, troca de ilumina\u00e7\u00e3o, e outras atividades de acordo com a particularidade de cada espa\u00e7o.<\/p>\n<p>&#8220;Para colocar em pr\u00e1tica o Pit Stop, \u00e9 feito o mapeamento das estruturas que apresentam as demandas mais urgentes e, a partir disso, elaboramos o cronograma. J\u00e1 foram contemplados o Parque da Nascente, na Morado do Ouro, e o Centro Esportivo e de Lazer Sen. Jonas Pinheiro \u201cPinheir\u00e3o\u201d, no Jardim Cuiab\u00e1, e a Pra\u00e7a Dep. Oscar Soares, no centro da Capital&#8221;, completa o adjunto de Zeladoria, Jo\u00e3o Hauer.<\/p>\n<p>&nbsp;<\/p>\n<p>&nbsp;<\/p>\n<p>Fonte:\u00a0 Prefeitura de Cuiab\u00e1\u00a0 \u00a0|\u00a0 \u00a0Foto:\u00a0\u00a0Davi Valle<\/p>\n","protected":false},"excerpt":{"rendered":"<p>Chafarizes e fontes das pra\u00e7as e parques p\u00fablicos de Cuiab\u00e1 come\u00e7aram, neste m\u00eas de outubro, &hellip;<\/p>\n","protected":false},"author":4,"featured_media":63566,"comment_status":"closed","ping_status":"open","sticky":false,"template":"","format":"standard","meta":{"footnotes":""},"categories":[1,59,76],"tags":[],"class_list":["post-63565","post","type-post","status-publish","format-standard","has-post-thumbnail","hentry","category-cf-news","category-destaque","category-missoes"],"wps_subtitle":"As atividades s\u00e3o coordenadas pela Limpurb e programada para alcan\u00e7ar todas as pra\u00e7as e parques municipais","_links":{"self":[{"href":"https:\/\/www.cfnews.com.br\/portal\/wp-json\/wp\/v2\/posts\/63565","targetHints":{"allow":["GET"]}}],"collection":[{"href":"https:\/\/www.cfnews.com.br\/portal\/wp-json\/wp\/v2\/posts"}],"about":[{"href":"https:\/\/www.cfnews.com.br\/portal\/wp-json\/wp\/v2\/types\/post"}],"author":[{"embeddable":true,"href":"https:\/\/www.cfnews.com.br\/portal\/wp-json\/wp\/v2\/users\/4"}],"replies":[{"embeddable":true,"href":"https:\/\/www.cfnews.com.br\/portal\/wp-json\/wp\/v2\/comments?post=63565"}],"version-history":[{"count":1,"href":"https:\/\/www.cfnews.com.br\/portal\/wp-json\/wp\/v2\/posts\/63565\/revisions"}],"predecessor-version":[{"id":63567,"href":"https:\/\/www.cfnews.com.br\/portal\/wp-json\/wp\/v2\/posts\/63565\/revisions\/63567"}],"wp:featuredmedia":[{"embeddable":true,"href":"https:\/\/www.cfnews.com.br\/portal\/wp-json\/wp\/v2\/media\/63566"}],"wp:attachment":[{"href":"https:\/\/www.cfnews.com.br\/portal\/wp-json\/wp\/v2\/media?parent=63565"}],"wp:term":[{"taxonomy":"category","embeddable":true,"href":"https:\/\/www.cfnews.com.br\/portal\/wp-json\/wp\/v2\/categories?post=63565"},{"taxonomy":"post_tag","embeddable":true,"href":"https:\/\/www.cfnews.com.br\/portal\/wp-json\/wp\/v2\/tags?post=63565"}],"curies":[{"name":"wp","href":"https:\/\/api.w.org\/{rel}","templated":true}]}}