{"id":63697,"date":"2022-10-21T16:37:50","date_gmt":"2022-10-21T20:37:50","guid":{"rendered":"https:\/\/www.cfnews.com.br\/portal\/?p=63697"},"modified":"2022-10-21T16:37:50","modified_gmt":"2022-10-21T20:37:50","slug":"outubro-rosa-acoes-na-praca-alencastro-beneficiam-mulheres-de-bairros-distantes-de-cuiaba-e-varzea-grande","status":"publish","type":"post","link":"https:\/\/www.cfnews.com.br\/portal\/2022\/10\/21\/outubro-rosa-acoes-na-praca-alencastro-beneficiam-mulheres-de-bairros-distantes-de-cuiaba-e-varzea-grande\/","title":{"rendered":"Outubro Rosa: A\u00e7\u00f5es na Pra\u00e7a Alencastro beneficiam mulheres de bairros distantes de Cuiab\u00e1 e V\u00e1rzea Grande"},"content":{"rendered":"<p>Cerca de 200 atendimentos foram realizados a mulheres, incluindo consultas, 200 encaminhamentos para mamografias e aproximadamente 80 exames preventivos para c\u00e2ncer de colo de \u00fatero (CCO) no primeiro dia, quinta-feira (20), na Pra\u00e7a Alencastro, no centro de Cuiab\u00e1. A partir desta sexta-feira (21) os exames de CCO est\u00e3o sendo realizados diretamente no local.\u00a0 Os servi\u00e7os s\u00e3o oportunizados na estrutura montada pela\u00a0 Secretaria da Mulher e N\u00facleo da Primeira-dama, em parceria com a Secretaria Municipal de Sa\u00fade e Hospital Municipal de Cuiab\u00e1 (HMC).<\/p>\n<p>O objetivo inicial era atender 100 mulheres ao dia. Mas, por determina\u00e7\u00e3o da primeira dama M\u00e1rcia Pinheiro, \u201ctodas as mulheres que procurarem \u00e9 para disponibilizar o atendimento\u201d, o n\u00famero superou muito a meta.<\/p>\n<p>S\u00e3o mulheres de bairros diversos e muitos deles distantes do centro de Cuiab\u00e1 e tamb\u00e9m de V\u00e1rzea Grande, entre elas, quem n\u00e3o faz os exames b\u00e1sicos h\u00e1 tempos, como Silbene Greg\u00f3ria da Silva, 39 anos, casada e m\u00e3e, moradora do bairro S\u00e3o Mateus, em V\u00e1rzea Grande.<\/p>\n<p>\u201cVi a not\u00edcia na TV de que aqui estariam realizando os exames e aproveitei a oportunidade. J\u00e1 faz um bom tempo que n\u00e3o realizo o preventivo de c\u00e2ncer de mama e nem o CCO. Aproveitei e fiz tamb\u00e9m o de sangue para verificar o diabetes. Para n\u00f3s em V\u00e1rzea Grande, \u00e9 muito dif\u00edcil de conseguir um atendimento assim, temos que madrugar na fila do posto de sa\u00fade e ainda, muitas vezes, n\u00e3o tem senha. A prefeitura de Cuiab\u00e1 est\u00e1 tendo esse olhar para a sociedade, em especial para as mulheres, isso \u00e9 muito importante\u201d, relatou Silbene.<\/p>\n<p>Mirian Lima, 50 anos, tamb\u00e9m \u00e9 de longe do Centro de Cuiab\u00e1. Ela reside no Pedra 90 e trabalha no munic\u00edpio de Santo Ant\u00f4nio do Leverger. Como na quinta-feira (20), estava de folga, foi logo cuidar da sa\u00fade. \u201cTem um ano que n\u00e3o fa\u00e7o os exames e preciso ser criteriosa nos cuidados porque j\u00e1 tive c\u00e2ncer no colo do \u00fatero, ocasi\u00e3o em que precisei fazer histerectomia. Hoje consegui encaminhamento para a mamografia, ultrasson transvaginal e fiz os exames de sangue completo. Saio maravilhada com esse atendimento, super acess\u00edvel a todas as mulheres, bem na regi\u00e3o central, est\u00e3o de parab\u00e9ns pela iniciativa\u201d, frisou.<\/p>\n<p>Para a secret\u00e1ria Municipal de Sa\u00fade, Suelen Alliend, a iniciativa vem ao encontro das necessidades da mulher e fortalecem as a\u00e7\u00f5es realizadas em prol da melhoria da sa\u00fade familiar. \u201cPrevenir \u00e9 o caminho para evitar complica\u00e7\u00f5es graves. Mas, grande parte das mulheres s\u00e3o tamb\u00e9m chefes de fam\u00edlia e, nessa condi\u00e7\u00e3o, priorizam os filhos e deixam a sa\u00fade pessoal para depois. Os exames preventivos como mamografias e CCO est\u00e3o dispon\u00edveis o ano todo nas Unidades B\u00e1sicas de Sa\u00fade. Mas vemos que a procura maior recai sobre o m\u00eas de outubro por conta do Outubro Rosa. Da\u00ed a import\u00e2ncia de fomentar essas parcerias\u201d, frisou.<\/p>\n<p>Os exames de sangue e de CCO est\u00e3o sendo realizado na estrutura montada na Pra\u00e7a Alencastro. Exames de mamografia, quando solicitado pelo m\u00e9dico que consulta ali mesmo, s\u00e3o encaminhados atrav\u00e9s da Central de Regula\u00e7\u00e3o.<\/p>\n<p>&nbsp;<\/p>\n<p>Fonte:\u00a0 Prefeitura de Cuiab\u00e1\u00a0 \u00a0|\u00a0 \u00a0Foto:\u00a0 Luiz ALves<\/p>\n","protected":false},"excerpt":{"rendered":"<p>Cerca de 200 atendimentos foram realizados a mulheres, incluindo consultas, 200 encaminhamentos para mamografias e &hellip;<\/p>\n","protected":false},"author":4,"featured_media":63698,"comment_status":"closed","ping_status":"open","sticky":false,"template":"","format":"standard","meta":{"footnotes":""},"categories":[1,59,76],"tags":[],"class_list":["post-63697","post","type-post","status-publish","format-standard","has-post-thumbnail","hentry","category-cf-news","category-destaque","category-missoes"],"wps_subtitle":"A meta de proporcionar 100 atendimentos\/dia, praticamente dobrou no primeiro dia de oferta dos servi\u00e7os de sa\u00fade na Pra\u00e7a Alencastro. Mulheres de diferentes bairros de Cuiab\u00e1 e V\u00e1rzea Grande procuram o local","_links":{"self":[{"href":"https:\/\/www.cfnews.com.br\/portal\/wp-json\/wp\/v2\/posts\/63697","targetHints":{"allow":["GET"]}}],"collection":[{"href":"https:\/\/www.cfnews.com.br\/portal\/wp-json\/wp\/v2\/posts"}],"about":[{"href":"https:\/\/www.cfnews.com.br\/portal\/wp-json\/wp\/v2\/types\/post"}],"author":[{"embeddable":true,"href":"https:\/\/www.cfnews.com.br\/portal\/wp-json\/wp\/v2\/users\/4"}],"replies":[{"embeddable":true,"href":"https:\/\/www.cfnews.com.br\/portal\/wp-json\/wp\/v2\/comments?post=63697"}],"version-history":[{"count":1,"href":"https:\/\/www.cfnews.com.br\/portal\/wp-json\/wp\/v2\/posts\/63697\/revisions"}],"predecessor-version":[{"id":63699,"href":"https:\/\/www.cfnews.com.br\/portal\/wp-json\/wp\/v2\/posts\/63697\/revisions\/63699"}],"wp:featuredmedia":[{"embeddable":true,"href":"https:\/\/www.cfnews.com.br\/portal\/wp-json\/wp\/v2\/media\/63698"}],"wp:attachment":[{"href":"https:\/\/www.cfnews.com.br\/portal\/wp-json\/wp\/v2\/media?parent=63697"}],"wp:term":[{"taxonomy":"category","embeddable":true,"href":"https:\/\/www.cfnews.com.br\/portal\/wp-json\/wp\/v2\/categories?post=63697"},{"taxonomy":"post_tag","embeddable":true,"href":"https:\/\/www.cfnews.com.br\/portal\/wp-json\/wp\/v2\/tags?post=63697"}],"curies":[{"name":"wp","href":"https:\/\/api.w.org\/{rel}","templated":true}]}}