{"id":64678,"date":"2022-11-16T14:40:55","date_gmt":"2022-11-16T18:40:55","guid":{"rendered":"https:\/\/www.cfnews.com.br\/portal\/?p=64678"},"modified":"2022-11-16T14:40:55","modified_gmt":"2022-11-16T18:40:55","slug":"batalhao-de-transito-da-pm-fiscaliza-13-mil-veiculos-e-prende-13-pessoas-durante-feriado-prolongado","status":"publish","type":"post","link":"https:\/\/www.cfnews.com.br\/portal\/2022\/11\/16\/batalhao-de-transito-da-pm-fiscaliza-13-mil-veiculos-e-prende-13-pessoas-durante-feriado-prolongado\/","title":{"rendered":"Batalh\u00e3o de Tr\u00e2nsito da PM fiscaliza 1,3 mil ve\u00edculos e prende 13 pessoas durante feriado prolongado"},"content":{"rendered":"<p dir=\"ltr\">O Batalh\u00e3o de Tr\u00e2nsito Urbano e Rodovi\u00e1rio da Pol\u00edcia Militar de Mato Grosso (BPMTran) fiscalizou 1.308 ve\u00edculos e prendeu 13 pessoas em flagrante, durante a Opera\u00e7\u00e3o Rep\u00fablica, deflagrada entre os dias 11 e 15 de novembro. Durante o feriado prolongado, foram registrados, ao todo, 876 Autos de Infra\u00e7\u00e3o de Tr\u00e2nsito (AIT).<\/p>\n<p dir=\"ltr\">No per\u00edodo, os policiais militares aplicaram 297 testes de etil\u00f4metro, que resultaram na pris\u00e3o de sete condutores pelo crime de alcoolemia. Al\u00e9m disso, 17 motoristas foram autuados pela infra\u00e7\u00e3o de alcoolemia e outros seis autuados por se recusarem a realizar o teste de etil\u00f4metro e estarem em vis\u00edvel estado de embriaguez.<\/p>\n<p dir=\"ltr\">Ainda, entre as principais aplica\u00e7\u00f5es de AIT, 251 foram por falta de uso de cinto de seguran\u00e7a (Art. 167); 84 por situa\u00e7\u00e3o irregular com a carteira de habilita\u00e7\u00e3o (Art. 162-I); 77 pelo uso de celular ao volante (Art. 252); 71 por ultrapassagens em locais proibidos (Art. 191 e 293-V); e 30 pelo transporte irregular de crian\u00e7as (Art. 168).<\/p>\n<p dir=\"ltr\">Ao longo da opera\u00e7\u00e3o, o policiamento foi realizado com 67 pontos de barreiras e bloqueios, e 108 pontos demonstrativos do BPMTran, nas rodovias Emanuel Pinheiro (MT-251), que liga a Capital \u00e0 Chapada dos Guimar\u00e3es; Helder C\u00e2ndia (MT-010\/Estrada da Guia); Palmiro Paes de Barros (MT-040), que liga Cuiab\u00e1 ao munic\u00edpio de Santo Ant\u00f4nio do Leverger); e ainda na rodovia MT-130, no entroncamento entre as cidades de Primavera do Leste e Rondon\u00f3polis.<\/p>\n<p dir=\"ltr\">Entre as medidas restritivas aplicadas est\u00e3o 14 remo\u00e7\u00f5es de ve\u00edculos, 12 recolhimentos de Certificado de Registro e Licenciamento de Ve\u00edculos (CRLV) e sete recolhimentos de Carteiras Nacionais de Habilita\u00e7\u00e3o (CNHs).<\/p>\n<p dir=\"ltr\">Al\u00e9m das pris\u00f5es por alcoolemia, os policiais militares do Batalh\u00e3o de Tr\u00e2nsito tamb\u00e9m realizaram pris\u00f5es em ocorr\u00eancias de tr\u00e1fico de drogas, porte ilegal de armas, entre outros.<\/p>\n<p dir=\"ltr\">A equipe do Batalh\u00e3o de Tr\u00e2nsito tamb\u00e9m registrou seis acidentes, sendo quatro deles com v\u00edtimas, que sofreram apenas ferimentos, e outros dois onde os ve\u00edculos envolvidos apenas sofreram danos materiais.<\/p>\n<p dir=\"ltr\">\n<p dir=\"ltr\">Fonte:\u00a0 MTGOV<\/p>\n","protected":false},"excerpt":{"rendered":"<p>O Batalh\u00e3o de Tr\u00e2nsito Urbano e Rodovi\u00e1rio da Pol\u00edcia Militar de Mato Grosso (BPMTran) fiscalizou &hellip;<\/p>\n","protected":false},"author":4,"featured_media":64679,"comment_status":"closed","ping_status":"open","sticky":false,"template":"","format":"standard","meta":{"footnotes":""},"categories":[1,59,76],"tags":[],"class_list":["post-64678","post","type-post","status-publish","format-standard","has-post-thumbnail","hentry","category-cf-news","category-destaque","category-missoes"],"wps_subtitle":"Opera\u00e7\u00e3o foi realizada no feriado prolongado de Proclama\u00e7\u00e3o da Rep\u00fablica, entre os dias 11 e 15 de novembro","_links":{"self":[{"href":"https:\/\/www.cfnews.com.br\/portal\/wp-json\/wp\/v2\/posts\/64678","targetHints":{"allow":["GET"]}}],"collection":[{"href":"https:\/\/www.cfnews.com.br\/portal\/wp-json\/wp\/v2\/posts"}],"about":[{"href":"https:\/\/www.cfnews.com.br\/portal\/wp-json\/wp\/v2\/types\/post"}],"author":[{"embeddable":true,"href":"https:\/\/www.cfnews.com.br\/portal\/wp-json\/wp\/v2\/users\/4"}],"replies":[{"embeddable":true,"href":"https:\/\/www.cfnews.com.br\/portal\/wp-json\/wp\/v2\/comments?post=64678"}],"version-history":[{"count":1,"href":"https:\/\/www.cfnews.com.br\/portal\/wp-json\/wp\/v2\/posts\/64678\/revisions"}],"predecessor-version":[{"id":64680,"href":"https:\/\/www.cfnews.com.br\/portal\/wp-json\/wp\/v2\/posts\/64678\/revisions\/64680"}],"wp:featuredmedia":[{"embeddable":true,"href":"https:\/\/www.cfnews.com.br\/portal\/wp-json\/wp\/v2\/media\/64679"}],"wp:attachment":[{"href":"https:\/\/www.cfnews.com.br\/portal\/wp-json\/wp\/v2\/media?parent=64678"}],"wp:term":[{"taxonomy":"category","embeddable":true,"href":"https:\/\/www.cfnews.com.br\/portal\/wp-json\/wp\/v2\/categories?post=64678"},{"taxonomy":"post_tag","embeddable":true,"href":"https:\/\/www.cfnews.com.br\/portal\/wp-json\/wp\/v2\/tags?post=64678"}],"curies":[{"name":"wp","href":"https:\/\/api.w.org\/{rel}","templated":true}]}}