{"id":64831,"date":"2022-11-21T16:21:24","date_gmt":"2022-11-21T20:21:24","guid":{"rendered":"https:\/\/www.cfnews.com.br\/portal\/?p=64831"},"modified":"2022-11-21T16:21:24","modified_gmt":"2022-11-21T20:21:24","slug":"semana-de-conscientizacao-sobre-esquizofrenia-deve-difundir-informacoes-e-quebrar-tabus","status":"publish","type":"post","link":"https:\/\/www.cfnews.com.br\/portal\/2022\/11\/21\/semana-de-conscientizacao-sobre-esquizofrenia-deve-difundir-informacoes-e-quebrar-tabus\/","title":{"rendered":"Semana de Conscientiza\u00e7\u00e3o sobre Esquizofrenia deve difundir informa\u00e7\u00f5es e quebrar tabus"},"content":{"rendered":"<p>Mato Grosso passa a contar com a Semana Estadual de Conscientiza\u00e7\u00e3o sobre a Esquizofrenia, uma condi\u00e7\u00e3o que atinge cerca de dois milh\u00f5es de brasileiros, mas que ainda \u00e9 envolta de muita desinforma\u00e7\u00e3o e preconceito. A iniciativa de institui\u00e7\u00e3o da data partiu da Assembleia Legislativa de Mato Grosso (ALMT) e foi sancionada, no \u00faltimo dia 11 de novembro, pelo Governo do Estado, como\u00a0<a href=\"file:\/\/\/C:\/Users\/41920\/Downloads\/diario_oficial_2022-11-11_pag_2.pdf\">Lei 11.917\/2022<\/a>.<\/p>\n<p>A data, a ser celebrada todos os anos na semana do dia 24 de maio, tem como objetivo discutir e difundir informa\u00e7\u00f5es sobre o transtorno que \u00e9 considerado a terceira maior causa de perda de qualidade de vida entre a popula\u00e7\u00e3o jovem, segundo a Organiza\u00e7\u00e3o Mundial de Sa\u00fade (OMS). Esta n\u00e3o \u00e9 a primeira iniciativa do deputado estadual Thiago Silva (MDB), que tamb\u00e9m foi autor da Lei 11.377\/2021, que disp\u00f5e sobre a cria\u00e7\u00e3o da rede de aten\u00e7\u00e3o \u00e0s pessoas com esquizofrenia em Mato Grosso.<\/p>\n<p>Segundo o deputado Thiago Silva, as iniciativas visam chamar a aten\u00e7\u00e3o para a esquizofrenia. \u201c\u00c9 uma doen\u00e7a cercada de estigmas, tabus e muito preconceito, que afeta at\u00e9 1% da popula\u00e7\u00e3o brasileira e envolve toda a fam\u00edlia. \u00c9 preciso muita informa\u00e7\u00e3o e apoio para lidar da melhor maneira poss\u00edvel com a doen\u00e7a\u201d, explica o parlamentar.<\/p>\n<p>Para a psic\u00f3loga Brunah Rockenbach, apesar de ter avan\u00e7os no entendimento dos transtornos mentais, ainda existe muito preconceito, que tamb\u00e9m \u00e9 gerado pela falta de informa\u00e7\u00e3o sobre a tem\u00e1tica. \u201c\u00c9 importante criar contextos para que esse assunto se torne uma pauta mais frequente. Isso pode ser feito a partir da cria\u00e7\u00e3o de um programa de conscientiza\u00e7\u00e3o que busque mapear o grau de consci\u00eancia\/conhecimento que a popula\u00e7\u00e3o tem acerca dos transtornos mentais. A partir disso, pode ser importante a confec\u00e7\u00e3o de cartilhas e a realiza\u00e7\u00e3o de ciclos de palestras para a comunidade em geral. \u00c9 fundamental que sejam criados mais espa\u00e7os que incentivem di\u00e1logos sobre esse assunto\u201d.<\/p>\n<p>A servidora Celly Silva conta que h\u00e1 17 anos seu pai sofre com os sintomas do transtorno e desde ent\u00e3o toda a fam\u00edlia foi impactada, inclusive com a mudan\u00e7a de cidade por conta de alucina\u00e7\u00f5es do pai, que se sentia perseguido. Para Celly, a desinforma\u00e7\u00e3o e a falta de conscientiza\u00e7\u00e3o prejudicam o tratamento e, principalmente, a qualidade de vida das pessoas acometidas pelo transtorno.<\/p>\n<p>Para facilitar o diagn\u00f3stico, tratamento e di\u00e1logo entre os profissionais, em 1952 foi criado o Manual Diagn\u00f3stico e Estat\u00edstico de Transtornos Mentais (DSM), com o objetivo de sistematizar e descrever os sintomas dos transtornos mentais.<\/p>\n<p>\u201cAtualmente, s\u00e3o mais de 300 transtornos mentais abordados no Manual e os comportamentos que precisam ser considerados no diagn\u00f3stico s\u00e3o relacionados \u00e0s altera\u00e7\u00f5es do nosso pr\u00f3prio funcionamento, como, da aten\u00e7\u00e3o, do humor, da ansiedade, da energia, do apetite e do sono. \u00c9 preciso destacar que estamos falando de altera\u00e7\u00f5es que tamb\u00e9m s\u00e3o org\u00e2nicas e que precisam de um acompanhamento especializado\u201d, explica especialista Brunah Rockenbach.<\/p>\n<p>Sobre a esquizofrenia, a psic\u00f3loga destaca que ela se caracteriza pela manifesta\u00e7\u00e3o e um ou mais sintomas e o tratamento \u00e9 realizado com a administra\u00e7\u00e3o de medicamentos, acompanhamento psiqui\u00e1trico e psicol\u00f3gico e a depender da gravidade, \u00e9 importante a participa\u00e7\u00e3o de uma equipe multiprofissional.<\/p>\n<p>\u201cPara a realiza\u00e7\u00e3o do diagn\u00f3stico, \u00e9 fundamental a avalia\u00e7\u00e3o de um psiquiatra. No servi\u00e7o p\u00fablico, a assist\u00eancia \u00e9 realizada pelo Centro de Aten\u00e7\u00e3o Psicossocial (CAPS), onde \u00e9 realizada uma avalia\u00e7\u00e3o conduzida por uma equipe multiprofissional. Os profissionais ap\u00f3s uma escuta especializada avaliam o caso e elaboram um projeto terap\u00eautico individual, considerando as necessidades de cada paciente\u201d.<\/p>\n<p>Celly Silva refor\u00e7a a necessidade de uma aten\u00e7\u00e3o especial e o acolhimento das pessoas com transtornos mentais. \u201c\u00c9 preciso olhar com mais humanidade para as pessoas que possuem algum transtorno mental. N\u00e3o \u00e9 porque est\u00e3o nesta condi\u00e7\u00e3o que deixam de ser cidad\u00e3s, pais, m\u00e3es, av\u00f3s. Meu pai \u00e9 um homem honesto, trabalhador e n\u00e3o pode ser colocado \u00e0 margem da sociedade. Al\u00e9m disso, o sistema de sa\u00fade tamb\u00e9m precisa estar pronto para atender essas pessoas e toda a fam\u00edlia, que tamb\u00e9m sofre com os sintomas e consequ\u00eancias dessa condi\u00e7\u00e3o\u201d, desabafa Celly.<\/p>\n<p>&nbsp;<\/p>\n<p>&nbsp;<\/p>\n<p>Fonte:\u00a0 ALMT\u00a0 \u00a0|\u00a0 \u00a0Foto:\u00a0\u00a0<i>Marcos Lopes<\/i><\/p>\n","protected":false},"excerpt":{"rendered":"<p>Mato Grosso passa a contar com a Semana Estadual de Conscientiza\u00e7\u00e3o sobre a Esquizofrenia, uma &hellip;<\/p>\n","protected":false},"author":4,"featured_media":64832,"comment_status":"closed","ping_status":"open","sticky":false,"template":"","format":"standard","meta":{"footnotes":""},"categories":[1,59,76],"tags":[],"class_list":["post-64831","post","type-post","status-publish","format-standard","has-post-thumbnail","hentry","category-cf-news","category-destaque","category-missoes"],"wps_subtitle":"A Lei 11.917\/2022, sancionada em novembro, \u00e9 uma iniciativa do Parlamento estadual por meio de uma iniciativa do deputado Thiago Silva (MDB)","_links":{"self":[{"href":"https:\/\/www.cfnews.com.br\/portal\/wp-json\/wp\/v2\/posts\/64831","targetHints":{"allow":["GET"]}}],"collection":[{"href":"https:\/\/www.cfnews.com.br\/portal\/wp-json\/wp\/v2\/posts"}],"about":[{"href":"https:\/\/www.cfnews.com.br\/portal\/wp-json\/wp\/v2\/types\/post"}],"author":[{"embeddable":true,"href":"https:\/\/www.cfnews.com.br\/portal\/wp-json\/wp\/v2\/users\/4"}],"replies":[{"embeddable":true,"href":"https:\/\/www.cfnews.com.br\/portal\/wp-json\/wp\/v2\/comments?post=64831"}],"version-history":[{"count":1,"href":"https:\/\/www.cfnews.com.br\/portal\/wp-json\/wp\/v2\/posts\/64831\/revisions"}],"predecessor-version":[{"id":64833,"href":"https:\/\/www.cfnews.com.br\/portal\/wp-json\/wp\/v2\/posts\/64831\/revisions\/64833"}],"wp:featuredmedia":[{"embeddable":true,"href":"https:\/\/www.cfnews.com.br\/portal\/wp-json\/wp\/v2\/media\/64832"}],"wp:attachment":[{"href":"https:\/\/www.cfnews.com.br\/portal\/wp-json\/wp\/v2\/media?parent=64831"}],"wp:term":[{"taxonomy":"category","embeddable":true,"href":"https:\/\/www.cfnews.com.br\/portal\/wp-json\/wp\/v2\/categories?post=64831"},{"taxonomy":"post_tag","embeddable":true,"href":"https:\/\/www.cfnews.com.br\/portal\/wp-json\/wp\/v2\/tags?post=64831"}],"curies":[{"name":"wp","href":"https:\/\/api.w.org\/{rel}","templated":true}]}}